{"headers": {"id": "ID", "periodo": "Per\u00edodo", "titulo": "Mat\u00e9ria", "autor": "Autor", "ementa": "Ementa", "situacao": "Situa\u00e7\u00e3o"}, "results": [{"id": 3228, "periodo": "ordem dia", "titulo": "Portaria n\u00ba 437 de 2026", "autor": "Alexandre de Jesus Nascimento - Parlamentar", "ementa": "Altera o calend\u00e1rio da C\u00e2mara Municipal de Manhumirim.", "situacao": "N\u00e3o informada"}, {"id": 3237, "periodo": "ordem dia", "titulo": "Requerimento n\u00ba 26 de 2026", "autor": "Matheus Fully", "ementa": "Requer informa\u00e7\u00f5es referente ao Plano de Cargos e Sal\u00e1rios do Executivo Municipal, Administra\u00e7\u00e3o Direta e Indireta.", "situacao": "N\u00e3o informada"}, {"id": 3238, "periodo": "ordem dia", "titulo": "Requerimento n\u00ba 27 de 2026", "autor": "Vov\u00f4 da \u00d3tica", "ementa": "Requer informa\u00e7\u00f5es detalhadas acerca dos precat\u00f3rios do Munic\u00edpio.", "situacao": "N\u00e3o informada"}, {"id": 3239, "periodo": "ordem dia", "titulo": "Requerimento n\u00ba 28 de 2026", "autor": "Matheus Fully", "ementa": "Requer informa\u00e7\u00f5es referentes aos pagamento do retroativo do adicional de insalubridade dos agentes de endemias", "situacao": "N\u00e3o informada"}, {"id": 3240, "periodo": "ordem dia", "titulo": "Requerimento n\u00ba 29 de 2026", "autor": "Remisson Hott", "ementa": "Requer informa\u00e7\u00f5es sobre vistoria e manuten\u00e7\u00e3o preventiva do Poliesportivo P\u00fablio Nolasco e Pra\u00e7a de Esporte Jos\u00e9 Nolasco", "situacao": "N\u00e3o informada"}, {"id": 3227, "periodo": "ordem dia", "titulo": "Indica\u00e7\u00e3o n\u00ba 64 de 2026", "autor": "Priscila Knup", "ementa": "indica placas de sinaliza\u00e7\u00e3o na zona rural.", "situacao": "N\u00e3o informada"}, {"id": 3229, "periodo": "ordem dia", "titulo": "Indica\u00e7\u00e3o n\u00ba 65 de 2026", "autor": "Jo\u00e3o Wilson Barbeiro", "ementa": "Indica instala\u00e7\u00e3o de lumin\u00e1ria em poste da rua Suely Damasceno.", "situacao": "N\u00e3o informada"}, {"id": 3230, "periodo": "ordem dia", "titulo": "Indica\u00e7\u00e3o n\u00ba 66 de 2026", "autor": "Jo\u00e3o Wilson Barbeiro", "ementa": "Indica patrolamento, constru\u00e7\u00e3o de caixa de conten\u00e7\u00e3o e retirada de \u00e1gua nas estradas do C\u00f3rrego dos Malostos", "situacao": "N\u00e3o informada"}, {"id": 3231, "periodo": "ordem dia", "titulo": "Indica\u00e7\u00e3o n\u00ba 67 de 2026", "autor": "Priscila Knup", "ementa": "Indica edifica\u00e7\u00e3o da Pra\u00e7a Nilza Vidal Rodrigues, criada pela lei n\u00ba 1706/2017.", "situacao": "N\u00e3o informada"}, {"id": 3232, "periodo": "ordem dia", "titulo": "Indica\u00e7\u00e3o n\u00ba 68 de 2026", "autor": "Vov\u00f4 da \u00d3tica", "ementa": "Indica constru\u00e7\u00e3o de \u00e1rea de conviv\u00eancia coberta na Pra\u00e7a Padre J\u00falio Maria", "situacao": "N\u00e3o informada"}, {"id": 3233, "periodo": "ordem dia", "titulo": "Indica\u00e7\u00e3o n\u00ba 69 de 2026", "autor": "Matheus Fully", "ementa": "Indica constru\u00e7\u00e3o de Pra\u00e7a sensorial em local que  Administra\u00e7\u00e3o achar conveniente", "situacao": "N\u00e3o informada"}, {"id": 3234, "periodo": "ordem dia", "titulo": "Indica\u00e7\u00e3o n\u00ba 70 de 2026", "autor": "Matheus Fully", "ementa": "Indica extens\u00e3o de rede el\u00e9trica na galeria Lourdes Maria Stock - Bairro do Roque", "situacao": "N\u00e3o informada"}, {"id": 3235, "periodo": "ordem dia", "titulo": "Indica\u00e7\u00e3o n\u00ba 71 de 2026", "autor": "Remisson Hott", "ementa": "Indica instala\u00e7\u00e3o de c\u00e2meras de monitoramento nos ve\u00edculos de transporte escolar municipal", "situacao": "N\u00e3o informada"}, {"id": 3236, "periodo": "ordem dia", "titulo": "Indica\u00e7\u00e3o n\u00ba 72 de 2026", "autor": "Remisson Hott", "ementa": "Indica padroniza\u00e7\u00e3o e adequa\u00e7\u00e3o dos passeios (cal\u00e7ada) da avenidas JK e The\u00f3filo Tostes, avenida Lauro C\u00e9lio", "situacao": "N\u00e3o informada"}, {"id": 3241, "periodo": "ordem dia", "titulo": "Requerimento n\u00ba 30 de 2026", "autor": "Luciano de Oliveira Egeno - Diretor de Secretaria Geral", "ementa": "Abertura de processo de comiss\u00e3o parlamentar processante nos termos do Decreto Lei n\u00ba 201.", "situacao": "N\u00e3o informada"}]}