{"headers": {"id": "ID", "ano": "Ano", "numero": "N\u00famero", "tipo__sigla": "Tipo de Mat\u00e9ria Legislativa/Sigla", "tipo__descricao": "Tipo de Mat\u00e9ria Legislativa/Descri\u00e7\u00e3o", "autoria": "Autorias", "texto_original": "Texto Original", "ementa": "Ementa"}, "results": [{"id": "818", "ano": "2013", "numero": "1", "tipo__sigla": "IND", "tipo__descricao": "Indica\u00e7\u00e3o", "autoria": "S\u00c9RGIO BOREL, ROBERTO BOB", "texto_original": "http://sapl.manhumirim.mg.leg.br/media/./sapl/public/materialegislativa/2013/818/818_texto_integral.pdf", "ementa": "INDICA REDUTORES DE VELOCIDADE NA AVENIDA JACINTO ANT\u00d4NIO SILVA."}, {"id": "819", "ano": "2013", "numero": "2", "tipo__sigla": "IND", "tipo__descricao": "Indica\u00e7\u00e3o", "autoria": "ROBERTO BOB, S\u00c9RGIO BOREL", "texto_original": "http://sapl.manhumirim.mg.leg.br/media/./sapl/public/materialegislativa/2013/819/819_texto_integral.pdf", "ementa": "INDICA CAL\u00c7AMENTO DA ESTRADA DE ACESSO A VILA MARISELMA. "}, {"id": "820", "ano": "2013", "numero": "3", "tipo__sigla": "IND", "tipo__descricao": "Indica\u00e7\u00e3o", "autoria": "ROBERTO BOB, S\u00c9RGIO BOREL", "texto_original": "http://sapl.manhumirim.mg.leg.br/media/./sapl/public/materialegislativa/2013/820/820_texto_integral.pdf", "ementa": "INDICA MELHORIAS NA INFRA-ESTRUTURA DA RUA FREI FRANCISCO. "}, {"id": "821", "ano": "2013", "numero": "4", "tipo__sigla": "IND", "tipo__descricao": "Indica\u00e7\u00e3o", "autoria": "ROBERTO BOB, S\u00c9RGIO BOREL", "texto_original": "http://sapl.manhumirim.mg.leg.br/media/./sapl/public/materialegislativa/2013/821/821_texto_integral.pdf", "ementa": "INDICA CAL\u00c7AMENTO E ILUMINA\u00c7\u00c3O P\u00daBLICA NO C\u00d3RREGO VARGEM ALEGRE. "}, {"id": "822", "ano": "2013", "numero": "5", "tipo__sigla": "IND", "tipo__descricao": "Indica\u00e7\u00e3o", "autoria": "ROBERTO BOB, S\u00c9RGIO BOREL", "texto_original": "http://sapl.manhumirim.mg.leg.br/media/./sapl/public/materialegislativa/2013/822/822_texto_integral.pdf", "ementa": "INDICA OBRAS E TRANSFER\u00caNCIA PARA A BIBLIOTECA MUNICIPAL."}, {"id": "823", "ano": "2013", "numero": "6", "tipo__sigla": "IND", "tipo__descricao": "Indica\u00e7\u00e3o", "autoria": "ROBERTO BOB, S\u00c9RGIO BOREL", "texto_original": "http://sapl.manhumirim.mg.leg.br/media/./sapl/public/materialegislativa/2013/823/823_texto_integral.pdf", "ementa": "INDICA CONSTRU\u00c7\u00c3O DE CAPELA VEL\u00d3RIO MUNICIPAL. "}, {"id": "824", "ano": "2013", "numero": "7", "tipo__sigla": "IND", "tipo__descricao": "Indica\u00e7\u00e3o", "autoria": "S\u00c9RGIO BOREL, ROBERTO BOB", "texto_original": "http://sapl.manhumirim.mg.leg.br/media/./sapl/public/materialegislativa/2013/824/824_texto_integral.pdf", "ementa": "INDICA INSTALA\u00c7\u00c3O DE MANILHAS EM FRENTE A FAZENDA DO SR. DARLY DE OLIVEIRA (C\u00d3RREGO DOS BOREL)."}, {"id": "825", "ano": "2013", "numero": "8", "tipo__sigla": "IND", "tipo__descricao": "Indica\u00e7\u00e3o", "autoria": "S\u00c9RGIO BOREL, ROBERTO BOB", "texto_original": "http://sapl.manhumirim.mg.leg.br/media/./sapl/public/materialegislativa/2013/825/825_texto_integral.pdf", "ementa": "INDICA CONSTRU\u00c7\u00c3O DE VESTI\u00c1RIO EM CAMPO DE FUTEBOL."}, {"id": "826", "ano": "2013", "numero": "9", "tipo__sigla": "IND", "tipo__descricao": "Indica\u00e7\u00e3o", "autoria": "ROBERTO BOB, S\u00c9RGIO BOREL", "texto_original": "http://sapl.manhumirim.mg.leg.br/media/", "ementa": "INDICA A REGULAMENTA\u00c7\u00c3O DO ESTACIONAMENTO ROTATIVO PAGO - FAIXA AZUL, NOS LOGRADOUROS DO MUNIC\u00cdPIO DE MANHUMIRIM."}, {"id": "827", "ano": "2013", "numero": "10", "tipo__sigla": "IND", "tipo__descricao": "Indica\u00e7\u00e3o", "autoria": "S\u00c9RGIO BOREL, ROBERTO BOB", "texto_original": "http://sapl.manhumirim.mg.leg.br/media/./sapl/public/materialegislativa/2013/827/827_texto_integral.pdf", "ementa": "INDICA INSTALA\u00c7\u00c3O DE REDUTOR DE VELOCIDADE E MELHORIAS NA PAVIMENTA\u00c7\u00c3O DA VILA DOS BOREL."}, {"id": "828", "ano": "2013", "numero": "11", "tipo__sigla": "IND", "tipo__descricao": "Indica\u00e7\u00e3o", "autoria": "S\u00c9RGIO BOREL, ROBERTO BOB", "texto_original": "http://sapl.manhumirim.mg.leg.br/media/./sapl/public/materialegislativa/2013/828/828_texto_integral.pdf", "ementa": "INDICA MANUTEN\u00c7\u00c3O NA REDE PLUVIAL E DE ESGOTO NO BAIRRO CAMPESTRE. "}, {"id": "829", "ano": "2013", "numero": "12", "tipo__sigla": "IND", "tipo__descricao": "Indica\u00e7\u00e3o", "autoria": "ANA PAULA DESTRO", "texto_original": "http://sapl.manhumirim.mg.leg.br/media/./sapl/public/materialegislativa/2013/829/829_texto_integral.pdf", "ementa": "INDICA INSTALA\u00c7\u00c3O DE SEM\u00c1FORO."}, {"id": "830", "ano": "2013", "numero": "13", "tipo__sigla": "IND", "tipo__descricao": "Indica\u00e7\u00e3o", "autoria": "ANA PAULA DESTRO, Ben\u00edsio Enfermeiro, Dalbino Cler, Dr. Rodrigo Soares, Helinho Mendon\u00e7a", "texto_original": "http://sapl.manhumirim.mg.leg.br/media/./sapl/public/materialegislativa/2013/830/830_texto_integral.pdf", "ementa": "INDICA AQUISI\u00c7\u00c3O DE UNIFORMES PARA TODAS AS \u00c1REAS DA PREFEITURA."}, {"id": "831", "ano": "2013", "numero": "14", "tipo__sigla": "IND", "tipo__descricao": "Indica\u00e7\u00e3o", "autoria": "ANA PAULA DESTRO, Ben\u00edsio Enfermeiro, Dalbino Cler, Dr. Rodrigo Soares, Helinho Mendon\u00e7a", "texto_original": "http://sapl.manhumirim.mg.leg.br/media/./sapl/public/materialegislativa/2013/831/831_texto_integral.pdf", "ementa": "INDICA PONTO FIXO PARA CARROCEIROS."}, {"id": "832", "ano": "2013", "numero": "15", "tipo__sigla": "IND", "tipo__descricao": "Indica\u00e7\u00e3o", "autoria": "ANA PAULA DESTRO, Ben\u00edsio Enfermeiro, Dalbino Cler, Dr. Rodrigo Soares, Helinho Mendon\u00e7a", "texto_original": "http://sapl.manhumirim.mg.leg.br/media/./sapl/public/materialegislativa/2013/832/832_texto_integral.pdf", "ementa": "INDICA MELHORIAS PARA O CEMIT\u00c9RIO."}, {"id": "833", "ano": "2013", "numero": "16", "tipo__sigla": "IND", "tipo__descricao": "Indica\u00e7\u00e3o", "autoria": "ANA PAULA DESTRO, Ben\u00edsio Enfermeiro, Dalbino Cler, Dr. Rodrigo Soares, Helinho Mendon\u00e7a", "texto_original": "http://sapl.manhumirim.mg.leg.br/media/./sapl/public/materialegislativa/2013/833/833_texto_integral.pdf", "ementa": "INDICA CRIA\u00c7\u00c3O DE CONSELHO ESCOLAR."}, {"id": "834", "ano": "2013", "numero": "17", "tipo__sigla": "IND", "tipo__descricao": "Indica\u00e7\u00e3o", "autoria": "ANA PAULA DESTRO, Ben\u00edsio Enfermeiro, Dalbino Cler, Dr. Rodrigo Soares, Helinho Mendon\u00e7a", "texto_original": "http://sapl.manhumirim.mg.leg.br/media/./sapl/public/materialegislativa/2013/834/834_texto_integral.pdf", "ementa": "INDICA DESCONTO DE D\u00cdVIDA ATRASADA IPTU E \u00c1GUA PARA FAM\u00cdLIAS COM BAIXA RENDA."}, {"id": "835", "ano": "2013", "numero": "18", "tipo__sigla": "IND", "tipo__descricao": "Indica\u00e7\u00e3o", "autoria": "SEBASTI\u00c3O TRIST\u00c3O", "texto_original": "http://sapl.manhumirim.mg.leg.br/media/./sapl/public/materialegislativa/2013/835/835_texto_integral.pdf", "ementa": "INDICA INSTALA\u00c7\u00c3O DE BUEIRO NA AVENIDA RAUL SOARES. "}, {"id": "836", "ano": "2013", "numero": "19", "tipo__sigla": "IND", "tipo__descricao": "Indica\u00e7\u00e3o", "autoria": "Helinho Mendon\u00e7a, Dr. Rodrigo Soares", "texto_original": "http://sapl.manhumirim.mg.leg.br/media/./sapl/public/materialegislativa/2013/836/836_texto_integral.pdf", "ementa": "INDICA INSTALA\u00c7\u00c3O DE POSTE DE ILUMINA\u00c7\u00c3O P\u00daBLICA NA RUA ARISTIDES BRAGA."}, {"id": "837", "ano": "2013", "numero": "20", "tipo__sigla": "IND", "tipo__descricao": "Indica\u00e7\u00e3o", "autoria": "Helinho Mendon\u00e7a, ANA PAULA DESTRO, Ben\u00edsio Enfermeiro, Dalbino Cler, Dr. Rodrigo Soares", "texto_original": "http://sapl.manhumirim.mg.leg.br/media/./sapl/public/materialegislativa/2013/837/837_texto_integral.pdf", "ementa": "INDICA O ESTUDO DA CARGA HOR\u00c1RIA DOS SERVIDORES DO EXECUTIVO MUNICIPAL DE ACORDO COM AS NORMAS ESTADUAIS E FEDERAIS. "}, {"id": "838", "ano": "2013", "numero": "21", "tipo__sigla": "IND", "tipo__descricao": "Indica\u00e7\u00e3o", "autoria": "Helinho Mendon\u00e7a, ANA PAULA DESTRO, Ben\u00edsio Enfermeiro, Dalbino Cler, Dr. Rodrigo Soares", "texto_original": "http://sapl.manhumirim.mg.leg.br/media/./sapl/public/materialegislativa/2013/838/838_texto_integral.pdf", "ementa": "INDICA CONSTRU\u00c7\u00c3O DE MURO DE ARRIMO NO C\u00d3RREGO VARGEM ALEGRE. "}, {"id": "839", "ano": "2013", "numero": "22", "tipo__sigla": "IND", "tipo__descricao": "Indica\u00e7\u00e3o", "autoria": "Ben\u00edsio Enfermeiro, ANA PAULA DESTRO, Dalbino Cler, Dr. Rodrigo Soares, Helinho Mendon\u00e7a", "texto_original": "http://sapl.manhumirim.mg.leg.br/media/./sapl/public/materialegislativa/2013/839/839_texto_integral.pdf", "ementa": "INDICA CAL\u00c7AMENTO E ILUMINA\u00c7\u00c3O P\u00daBLICA EM LOCAL QUE MENCIONA. "}, {"id": "840", "ano": "2013", "numero": "23", "tipo__sigla": "IND", "tipo__descricao": "Indica\u00e7\u00e3o", "autoria": "Ben\u00edsio Enfermeiro, ANA PAULA DESTRO, Dalbino Cler, Dr. Rodrigo Soares, Helinho Mendon\u00e7a", "texto_original": "http://sapl.manhumirim.mg.leg.br/media/./sapl/public/materialegislativa/2013/840/840_texto_integral.pdf", "ementa": "INDICA COBERTURA E CONSTRU\u00c7\u00c3O DE BANHEIRO NA RAIA LINO NA RUA 7 DE SETEMBRO. "}, {"id": "841", "ano": "2013", "numero": "24", "tipo__sigla": "IND", "tipo__descricao": "Indica\u00e7\u00e3o", "autoria": "Ben\u00edsio Enfermeiro, ANA PAULA DESTRO, Dalbino Cler, Dr. Rodrigo Soares, Helinho Mendon\u00e7a", "texto_original": "http://sapl.manhumirim.mg.leg.br/media/./sapl/public/materialegislativa/2013/841/841_texto_integral.pdf", "ementa": "INDICA REDE PLUVIAL E DE ESGOTO PARA VILA MARISELMA."}, {"id": "842", "ano": "2013", "numero": "25", "tipo__sigla": "IND", "tipo__descricao": "Indica\u00e7\u00e3o", "autoria": "Helinho Mendon\u00e7a, ANA PAULA DESTRO, Ben\u00edsio Enfermeiro, Dalbino Cler, Dr. Rodrigo Soares", "texto_original": "http://sapl.manhumirim.mg.leg.br/media/./sapl/public/materialegislativa/2013/842/842_texto_integral.pdf", "ementa": "INDICA ISEN\u00c7\u00c3O DE TAXA DE COBRAN\u00c7A NAS ATIVIDADES ESPORTIVAS NO POLIESPORTIVO P\u00daBLIO NOLASCO. "}, {"id": "843", "ano": "2013", "numero": "26", "tipo__sigla": "IND", "tipo__descricao": "Indica\u00e7\u00e3o", "autoria": "SEBASTI\u00c3O TRIST\u00c3O, D\u00e1rio Veiga, IVAN CAETANO, JO\u00c3O DA CASA FRANCO, ROBERTO BOB, S\u00c9RGIO BOREL", "texto_original": "http://sapl.manhumirim.mg.leg.br/media/./sapl/public/materialegislativa/2013/843/843_texto_integral.pdf", "ementa": "INDICA DISPONIBILIZA\u00c7\u00c3O DE TRANSPORTE AOS DOMINGOS PARA OS TIMES DE FUTEBOL."}, {"id": "844", "ano": "2013", "numero": "27", "tipo__sigla": "IND", "tipo__descricao": "Indica\u00e7\u00e3o", "autoria": "Helinho Mendon\u00e7a, ANA PAULA DESTRO, Ben\u00edsio Enfermeiro, Dalbino Cler, Dr. Rodrigo Soares", "texto_original": "http://sapl.manhumirim.mg.leg.br/media/./sapl/public/materialegislativa/2013/844/844_texto_integral.pdf", "ementa": "INDICA REFORMA DE CAL\u00c7AMENTO NA RUA SUELY DAMASCENO"}, {"id": "845", "ano": "2013", "numero": "28", "tipo__sigla": "IND", "tipo__descricao": "Indica\u00e7\u00e3o", "autoria": "Helinho Mendon\u00e7a, ANA PAULA DESTRO, Ben\u00edsio Enfermeiro, Dalbino Cler, Dr. Rodrigo Soares", "texto_original": "http://sapl.manhumirim.mg.leg.br/media/./sapl/public/materialegislativa/2013/845/845_texto_integral.pdf", "ementa": "INDICA QUE SEJA FEITO A QUITA\u00c7\u00c3O DO TER\u00c7O DE F\u00c9RIAS DOS SERVIDORES DA EDUCA\u00c7\u00c3O."}, {"id": "846", "ano": "2013", "numero": "29", "tipo__sigla": "IND", "tipo__descricao": "Indica\u00e7\u00e3o", "autoria": "ROBERTO BOB, S\u00c9RGIO BOREL", "texto_original": "http://sapl.manhumirim.mg.leg.br/media/./sapl/public/materialegislativa/2013/846/846_texto_integral.pdf", "ementa": "INDICA ADEQUA\u00c7\u00c3O DAS DEPEND\u00caNCIAS DO POLIESPORTIVO P\u00daBLIO NOLASCO."}, {"id": "847", "ano": "2013", "numero": "30", "tipo__sigla": "IND", "tipo__descricao": "Indica\u00e7\u00e3o", "autoria": "JO\u00c3O DA CASA FRANCO, D\u00e1rio Veiga, IVAN CAETANO, ROBERTO BOB, SEBASTI\u00c3O TRIST\u00c3O, S\u00c9RGIO BOREL", "texto_original": "http://sapl.manhumirim.mg.leg.br/media/./sapl/public/materialegislativa/2013/847/847_texto_integral.pdf", "ementa": "INDICA CONSTRU\u00c7\u00c3O DE GUARITA PARA MINA D`\u00c1GUA NO CONTORNO RODOVI\u00c1RIO."}, {"id": "848", "ano": "2013", "numero": "31", "tipo__sigla": "IND", "tipo__descricao": "Indica\u00e7\u00e3o", "autoria": "SEBASTI\u00c3O TRIST\u00c3O, D\u00e1rio Veiga, IVAN CAETANO, JO\u00c3O DA CASA FRANCO, ROBERTO BOB, S\u00c9RGIO BOREL", "texto_original": "http://sapl.manhumirim.mg.leg.br/media/./sapl/public/materialegislativa/2013/848/848_texto_integral.pdf", "ementa": "INDICA RETOMADA DAS OBRAS DE CONSTRU\u00c7\u00c3O DA CRECHE NO BAIRRO CAMPESTRE. "}, {"id": "849", "ano": "2013", "numero": "32", "tipo__sigla": "IND", "tipo__descricao": "Indica\u00e7\u00e3o", "autoria": "JO\u00c3O DA CASA FRANCO, D\u00e1rio Veiga, IVAN CAETANO, ROBERTO BOB, SEBASTI\u00c3O TRIST\u00c3O, S\u00c9RGIO BOREL", "texto_original": "http://sapl.manhumirim.mg.leg.br/media/./sapl/public/materialegislativa/2013/849/849_texto_integral.pdf", "ementa": "INDICA MUDAN\u00c7A DE TR\u00c2NSITO EM RUAS DA CIDADE."}, {"id": "850", "ano": "2013", "numero": "33", "tipo__sigla": "IND", "tipo__descricao": "Indica\u00e7\u00e3o", "autoria": "SEBASTI\u00c3O TRIST\u00c3O, D\u00e1rio Veiga, IVAN CAETANO, JO\u00c3O DA CASA FRANCO, ROBERTO BOB, S\u00c9RGIO BOREL", "texto_original": "http://sapl.manhumirim.mg.leg.br/media/./sapl/public/materialegislativa/2013/850/850_texto_integral.pdf", "ementa": "INDICA RETOMADA DAS OBRAS NA ESCOLA NARCISO RABELO."}, {"id": "851", "ano": "2013", "numero": "34", "tipo__sigla": "IND", "tipo__descricao": "Indica\u00e7\u00e3o", "autoria": "SEBASTI\u00c3O TRIST\u00c3O, D\u00e1rio Veiga, IVAN CAETANO, JO\u00c3O DA CASA FRANCO, ROBERTO BOB, S\u00c9RGIO BOREL", "texto_original": "http://sapl.manhumirim.mg.leg.br/media/./sapl/public/materialegislativa/2013/851/851_texto_integral.pdf", "ementa": "INDICA PROVID\u00caNCIAS A RESPEITO DA ACESSIBILIDADE NOS PR\u00c9DIOS P\u00daBLICOS MUNICIPAIS."}, {"id": "852", "ano": "2013", "numero": "35", "tipo__sigla": "IND", "tipo__descricao": "Indica\u00e7\u00e3o", "autoria": "SEBASTI\u00c3O TRIST\u00c3O, D\u00e1rio Veiga, IVAN CAETANO, JO\u00c3O DA CASA FRANCO, ROBERTO BOB, S\u00c9RGIO BOREL", "texto_original": "http://sapl.manhumirim.mg.leg.br/media/./sapl/public/materialegislativa/2013/852/852_texto_integral.pdf", "ementa": "INDICA PROVID\u00caNCIAS A RESPEITO DO AUMENTO SALARIAL ANUAL DOS SERVIDORES MUNICIPAIS."}, {"id": "853", "ano": "2013", "numero": "36", "tipo__sigla": "IND", "tipo__descricao": "Indica\u00e7\u00e3o", "autoria": "SEBASTI\u00c3O TRIST\u00c3O, D\u00e1rio Veiga, IVAN CAETANO, JO\u00c3O DA CASA FRANCO, ROBERTO BOB, S\u00c9RGIO BOREL", "texto_original": "http://sapl.manhumirim.mg.leg.br/media/./sapl/public/materialegislativa/2013/853/853_texto_integral.pdf", "ementa": "INDICA A NECESSIDADE URGENTE DE REATIVAR O CONV\u00caNIO COM O CISCAPARA\u00d3."}, {"id": "854", "ano": "2013", "numero": "37", "tipo__sigla": "IND", "tipo__descricao": "Indica\u00e7\u00e3o", "autoria": "JO\u00c3O DA CASA FRANCO, D\u00e1rio Veiga, IVAN CAETANO, ROBERTO BOB, SEBASTI\u00c3O TRIST\u00c3O, S\u00c9RGIO BOREL", "texto_original": "http://sapl.manhumirim.mg.leg.br/media/./sapl/public/materialegislativa/2013/854/854_texto_integral.pdf", "ementa": "INDICA MUDAN\u00c7A DE TR\u00c2NSITO NA RUA DE ACESSO AO BAIRRO NOSSA SENHORA APARECIDA."}, {"id": "855", "ano": "2013", "numero": "38", "tipo__sigla": "IND", "tipo__descricao": "Indica\u00e7\u00e3o", "autoria": "JO\u00c3O DA CASA FRANCO, D\u00e1rio Veiga, IVAN CAETANO, ROBERTO BOB, SEBASTI\u00c3O TRIST\u00c3O, S\u00c9RGIO BOREL", "texto_original": "http://sapl.manhumirim.mg.leg.br/media/./sapl/public/materialegislativa/2013/855/855_texto_integral.pdf", "ementa": "INDICA MELHORIAS NA ILUMINA\u00c7\u00c3O P\u00daBLICA NA RUA OT\u00c1VIO LEMOS."}, {"id": "856", "ano": "2013", "numero": "39", "tipo__sigla": "IND", "tipo__descricao": "Indica\u00e7\u00e3o", "autoria": "JO\u00c3O DA CASA FRANCO, D\u00e1rio Veiga, IVAN CAETANO, ROBERTO BOB, SEBASTI\u00c3O TRIST\u00c3O, S\u00c9RGIO BOREL", "texto_original": "http://sapl.manhumirim.mg.leg.br/media/./sapl/public/materialegislativa/2013/856/856_texto_integral.pdf", "ementa": "INDICA MELHORIAS NA ILUMINA\u00c7\u00c3O P\u00daBLICA NA RUA FRANCISCO DE MELO SOBRINHO."}, {"id": "857", "ano": "2013", "numero": "40", "tipo__sigla": "IND", "tipo__descricao": "Indica\u00e7\u00e3o", "autoria": "SEBASTI\u00c3O TRIST\u00c3O, D\u00e1rio Veiga, IVAN CAETANO, JO\u00c3O DA CASA FRANCO, ROBERTO BOB, S\u00c9RGIO BOREL", "texto_original": "http://sapl.manhumirim.mg.leg.br/media/./sapl/public/materialegislativa/2013/857/857_texto_integral.pdf", "ementa": "INDICA DISPONIBILIZA\u00c7\u00c3O DE UM \u00d4NIBUS PARA O TRANSPORTE EM FESTAS DE CASAMENTOS, DE IGREJAS E VEL\u00d3RIOS."}, {"id": "858", "ano": "2013", "numero": "41", "tipo__sigla": "IND", "tipo__descricao": "Indica\u00e7\u00e3o", "autoria": "Ben\u00edsio Enfermeiro, ANA PAULA DESTRO, Dalbino Cler, Dr. Rodrigo Soares, Helinho Mendon\u00e7a", "texto_original": "http://sapl.manhumirim.mg.leg.br/media/./sapl/public/materialegislativa/2013/858/858_texto_integral.pdf", "ementa": "INDICA COBERTURA E CONSTRU\u00c7\u00c3O DE BANHEIRO NA RAIA LINO NA RUA 7 DE SETEMBRO."}, {"id": "859", "ano": "2013", "numero": "42", "tipo__sigla": "IND", "tipo__descricao": "Indica\u00e7\u00e3o", "autoria": "Ben\u00edsio Enfermeiro, ANA PAULA DESTRO, Dalbino Cler, Dr. Rodrigo Soares, Helinho Mendon\u00e7a", "texto_original": "http://sapl.manhumirim.mg.leg.br/media/./sapl/public/materialegislativa/2013/859/859_texto_integral.pdf", "ementa": "INDICA CAL\u00c7AMENTO NA RUA TROPICAL &#8211; VILA RICA. "}, {"id": "860", "ano": "2013", "numero": "43", "tipo__sigla": "IND", "tipo__descricao": "Indica\u00e7\u00e3o", "autoria": "IVAN CAETANO, D\u00e1rio Veiga, JO\u00c3O DA CASA FRANCO, ROBERTO BOB, SEBASTI\u00c3O TRIST\u00c3O, S\u00c9RGIO BOREL", "texto_original": "http://sapl.manhumirim.mg.leg.br/media/./sapl/public/materialegislativa/2013/860/860_texto_integral.pdf", "ementa": "INDICA CONSTRU\u00c7\u00c3O DE BUEIROS NA AV. VIRG\u00cdLIO RODRIGUES DE OLIVEIRA."}, {"id": "861", "ano": "2013", "numero": "44", "tipo__sigla": "IND", "tipo__descricao": "Indica\u00e7\u00e3o", "autoria": "IVAN CAETANO, D\u00e1rio Veiga, JO\u00c3O DA CASA FRANCO, ROBERTO BOB, SEBASTI\u00c3O TRIST\u00c3O, S\u00c9RGIO BOREL", "texto_original": "http://sapl.manhumirim.mg.leg.br/media/./sapl/public/materialegislativa/2013/861/861_texto_integral.pdf", "ementa": "INDICA INSTALA\u00c7\u00c3O DE FAIXA DE PEDESTRES NA AV. VIRG\u00cdLIO RODRIGUES DE OLIVEIRA."}, {"id": "862", "ano": "2013", "numero": "45", "tipo__sigla": "IND", "tipo__descricao": "Indica\u00e7\u00e3o", "autoria": "S\u00c9RGIO BOREL, D\u00e1rio Veiga, IVAN CAETANO, JO\u00c3O DA CASA FRANCO, ROBERTO BOB, SEBASTI\u00c3O TRIST\u00c3O", "texto_original": "http://sapl.manhumirim.mg.leg.br/media/./sapl/public/materialegislativa/2013/862/862_texto_integral.pdf", "ementa": "INDICA REDUTOR DE VELOCIDADE NA RUA QUINCAS BARBEIRO."}, {"id": "863", "ano": "2013", "numero": "46", "tipo__sigla": "IND", "tipo__descricao": "Indica\u00e7\u00e3o", "autoria": "S\u00c9RGIO BOREL, D\u00e1rio Veiga, IVAN CAETANO, JO\u00c3O DA CASA FRANCO, ROBERTO BOB, SEBASTI\u00c3O TRIST\u00c3O", "texto_original": "http://sapl.manhumirim.mg.leg.br/media/./sapl/public/materialegislativa/2013/863/863_texto_integral.pdf", "ementa": "INDICA MANUTEN\u00c7\u00c3O E REFORMA EM BUEIRO NO C\u00d3RREGO DOS BOREL."}, {"id": "864", "ano": "2013", "numero": "47", "tipo__sigla": "IND", "tipo__descricao": "Indica\u00e7\u00e3o", "autoria": "S\u00c9RGIO BOREL, D\u00e1rio Veiga, IVAN CAETANO, JO\u00c3O DA CASA FRANCO, ROBERTO BOB, SEBASTI\u00c3O TRIST\u00c3O", "texto_original": "http://sapl.manhumirim.mg.leg.br/media/./sapl/public/materialegislativa/2013/864/864_texto_integral.pdf", "ementa": "INDICA REDUTOR DE VELOCIDADE NO MANDIOQUINHA."}, {"id": "865", "ano": "2013", "numero": "48", "tipo__sigla": "IND", "tipo__descricao": "Indica\u00e7\u00e3o", "autoria": "D\u00e1rio Veiga", "texto_original": "http://sapl.manhumirim.mg.leg.br/media/./sapl/public/materialegislativa/2013/865/865_texto_integral.pdf", "ementa": "INDICA INSTALA\u00c7\u00c3O DE C\u00c2MERAS DE VIGIL\u00c2NCIA NO MUNIC\u00cdPIO."}, {"id": "866", "ano": "2013", "numero": "49", "tipo__sigla": "IND", "tipo__descricao": "Indica\u00e7\u00e3o", "autoria": "Dalbino Cler, ANA PAULA DESTRO, Ben\u00edsio Enfermeiro, Dr. Rodrigo Soares, Helinho Mendon\u00e7a", "texto_original": "http://sapl.manhumirim.mg.leg.br/media/./sapl/public/materialegislativa/2013/866/866_texto_integral.pdf", "ementa": "INDICA COLETA DE LIXO NA ZONA RURAL."}, {"id": "867", "ano": "2013", "numero": "50", "tipo__sigla": "IND", "tipo__descricao": "Indica\u00e7\u00e3o", "autoria": "Dalbino Cler, ANA PAULA DESTRO, Ben\u00edsio Enfermeiro, Dr. Rodrigo Soares, Helinho Mendon\u00e7a", "texto_original": "http://sapl.manhumirim.mg.leg.br/media/./sapl/public/materialegislativa/2013/867/867_texto_integral.pdf", "ementa": "INDICA MELHORIAS NA RUA MARC\u00cdLIO MACHADO &#8211; BAIRRO VILA VERDE."}, {"id": "868", "ano": "2013", "numero": "51", "tipo__sigla": "IND", "tipo__descricao": "Indica\u00e7\u00e3o", "autoria": "Dalbino Cler, ANA PAULA DESTRO, Ben\u00edsio Enfermeiro, Dr. Rodrigo Soares, Helinho Mendon\u00e7a", "texto_original": "http://sapl.manhumirim.mg.leg.br/media/./sapl/public/materialegislativa/2013/868/868_texto_integral.pdf", "ementa": "INDICA MANUTEN\u00c7\u00c3O NO CAL\u00c7AMENTO DA RUA NOVO HORIZONTE, BAIRRO SANTA RITA."}, {"id": "869", "ano": "2013", "numero": "52", "tipo__sigla": "IND", "tipo__descricao": "Indica\u00e7\u00e3o", "autoria": "Dalbino Cler, ANA PAULA DESTRO, Ben\u00edsio Enfermeiro, Dr. Rodrigo Soares, Helinho Mendon\u00e7a", "texto_original": "http://sapl.manhumirim.mg.leg.br/media/./sapl/public/materialegislativa/2013/869/869_texto_integral.pdf", "ementa": "INDICA INSTALA\u00c7\u00c3O DE ILUMINA\u00c7\u00c3O P\u00daBLICA NO FINAL DA RUA NOVO HORIZONTE, LIGANDO COM A RUA SANTOS DUMONT, BAIRRO SANTA RITA."}, {"id": "870", "ano": "2013", "numero": "53", "tipo__sigla": "IND", "tipo__descricao": "Indica\u00e7\u00e3o", "autoria": "Ben\u00edsio Enfermeiro, ANA PAULA DESTRO, Dalbino Cler, Dr. Rodrigo Soares, Helinho Mendon\u00e7a", "texto_original": "http://sapl.manhumirim.mg.leg.br/media/./sapl/public/materialegislativa/2013/870/870_texto_integral.pdf", "ementa": "INDICA CAL\u00c7AMENTO NA RUA VILA VERDE NO BAIRRO NOSSA SR\u00aa. APARECIDA."}, {"id": "871", "ano": "2013", "numero": "54", "tipo__sigla": "IND", "tipo__descricao": "Indica\u00e7\u00e3o", "autoria": "Helinho Mendon\u00e7a", "texto_original": "http://sapl.manhumirim.mg.leg.br/media/./sapl/public/materialegislativa/2013/871/871_texto_integral.pdf", "ementa": "INDICA CRIA\u00c7\u00c3O DO PMAT - PROGRAMA DE MODERNIZA\u00c7\u00c3O DA ADMINISTRA\u00c7\u00c3O TRIBUT\u00c1RIA E DA GEST\u00c3O DOS SETORES SOCIAIS B\u00c1SICO."}, {"id": "872", "ano": "2013", "numero": "55", "tipo__sigla": "IND", "tipo__descricao": "Indica\u00e7\u00e3o", "autoria": "Dalbino Cler, ANA PAULA DESTRO, Ben\u00edsio Enfermeiro, Dr. Rodrigo Soares, Helinho Mendon\u00e7a", "texto_original": "http://sapl.manhumirim.mg.leg.br/media/./sapl/public/materialegislativa/2013/872/872_texto_integral.pdf", "ementa": "INDICA INSTALA\u00c7\u00c3O DE ILUMINA\u00c7\u00c3O P\u00daBLICA, MEIO FIO E CAL\u00c7AMENTO NO C\u00d3RREGO BARRA DO LESSA."}, {"id": "873", "ano": "2013", "numero": "56", "tipo__sigla": "IND", "tipo__descricao": "Indica\u00e7\u00e3o", "autoria": "Ben\u00edsio Enfermeiro, ANA PAULA DESTRO, Dalbino Cler, Dr. Rodrigo Soares, Helinho Mendon\u00e7a", "texto_original": "http://sapl.manhumirim.mg.leg.br/media/./sapl/public/materialegislativa/2013/873/873_texto_integral.pdf", "ementa": "INDICA ALAMBRADO E BANHEIRO NO CAMPO DO BAIRRO DA MANGUEIRA."}, {"id": "874", "ano": "2013", "numero": "57", "tipo__sigla": "IND", "tipo__descricao": "Indica\u00e7\u00e3o", "autoria": "IVAN CAETANO, D\u00e1rio Veiga, JO\u00c3O DA CASA FRANCO, ROBERTO BOB, SEBASTI\u00c3O TRIST\u00c3O, S\u00c9RGIO BOREL", "texto_original": "http://sapl.manhumirim.mg.leg.br/media/./sapl/public/materialegislativa/2013/874/874_texto_integral.pdf", "ementa": "INDICA PROVID\u00caNCIAS PARA A ASSOCIA\u00c7\u00c3O DA GUARDA-MIRIM."}, {"id": "875", "ano": "2013", "numero": "58", "tipo__sigla": "IND", "tipo__descricao": "Indica\u00e7\u00e3o", "autoria": "ROBERTO BOB, Dalbino Cler, D\u00e1rio Veiga, IVAN CAETANO, JO\u00c3O DA CASA FRANCO, SEBASTI\u00c3O TRIST\u00c3O, S\u00c9RGIO BOREL", "texto_original": "http://sapl.manhumirim.mg.leg.br/media/", "ementa": "INDICA REDUTOR DE VELOCIDADE NO BAIRRO MANGUEIRAS."}, {"id": "876", "ano": "2013", "numero": "59", "tipo__sigla": "IND", "tipo__descricao": "Indica\u00e7\u00e3o", "autoria": "ROBERTO BOB, Dalbino Cler, D\u00e1rio Veiga, IVAN CAETANO, JO\u00c3O DA CASA FRANCO, SEBASTI\u00c3O TRIST\u00c3O, S\u00c9RGIO BOREL", "texto_original": "http://sapl.manhumirim.mg.leg.br/media/./sapl/public/materialegislativa/2013/876/876_texto_integral.pdf", "ementa": "INDICA REDUTOR DE VELOCIDADE NO BAIRRO SANTA RITA."}, {"id": "877", "ano": "2013", "numero": "60", "tipo__sigla": "IND", "tipo__descricao": "Indica\u00e7\u00e3o", "autoria": "ROBERTO BOB, Dalbino Cler, D\u00e1rio Veiga, IVAN CAETANO, JO\u00c3O DA CASA FRANCO, SEBASTI\u00c3O TRIST\u00c3O, S\u00c9RGIO BOREL", "texto_original": "http://sapl.manhumirim.mg.leg.br/media/./sapl/public/materialegislativa/2013/877/877_texto_integral.pdf", "ementa": "INDICA FAIXA DE PEDESTRES NA R. ANT\u00d4NIO CARLOS."}, {"id": "878", "ano": "2013", "numero": "61", "tipo__sigla": "IND", "tipo__descricao": "Indica\u00e7\u00e3o", "autoria": "ROBERTO BOB, D\u00e1rio Veiga, IVAN CAETANO, JO\u00c3O DA CASA FRANCO, SEBASTI\u00c3O TRIST\u00c3O, S\u00c9RGIO BOREL", "texto_original": "http://sapl.manhumirim.mg.leg.br/media/./sapl/public/materialegislativa/2013/878/878_texto_integral.pdf", "ementa": "INDICA LOCAIS PARA INSTALA\u00c7\u00c3O DE CTC."}, {"id": "879", "ano": "2013", "numero": "62", "tipo__sigla": "IND", "tipo__descricao": "Indica\u00e7\u00e3o", "autoria": "JO\u00c3O DA CASA FRANCO, D\u00e1rio Veiga, ROBERTO BOB, SEBASTI\u00c3O TRIST\u00c3O, S\u00c9RGIO BOREL", "texto_original": "http://sapl.manhumirim.mg.leg.br/media/./sapl/public/materialegislativa/2013/879/879_texto_integral.pdf", "ementa": "INDICA PLANT\u00c3O DE AMBUL\u00c2NCIA COM T\u00c9CNICO RESPONS\u00c1VEL."}, {"id": "880", "ano": "2013", "numero": "63", "tipo__sigla": "IND", "tipo__descricao": "Indica\u00e7\u00e3o", "autoria": "IVAN CAETANO, D\u00e1rio Veiga, JO\u00c3O DA CASA FRANCO, ROBERTO BOB, SEBASTI\u00c3O TRIST\u00c3O, S\u00c9RGIO BOREL", "texto_original": "http://sapl.manhumirim.mg.leg.br/media/./sapl/public/materialegislativa/2013/880/880_texto_integral.pdf", "ementa": "INDICA CONV\u00caNIO COM CORPO DE BOMBEIROS."}, {"id": "881", "ano": "2013", "numero": "64", "tipo__sigla": "IND", "tipo__descricao": "Indica\u00e7\u00e3o", "autoria": "Dalbino Cler, ANA PAULA DESTRO, Ben\u00edsio Enfermeiro, Dr. Rodrigo Soares, Helinho Mendon\u00e7a", "texto_original": "http://sapl.manhumirim.mg.leg.br/media/./sapl/public/materialegislativa/2013/881/881_texto_integral.pdf", "ementa": "INDICA ILUMINA\u00c7\u00c3O P\u00daBLICA NO FINAL DE RUA 7 DE SETEMBRO"}, {"id": "882", "ano": "2013", "numero": "65", "tipo__sigla": "IND", "tipo__descricao": "Indica\u00e7\u00e3o", "autoria": "ROBERTO BOB, D\u00e1rio Veiga, IVAN CAETANO, JO\u00c3O DA CASA FRANCO, SEBASTI\u00c3O TRIST\u00c3O, S\u00c9RGIO BOREL", "texto_original": "http://sapl.manhumirim.mg.leg.br/media/./sapl/public/materialegislativa/2013/882/882_texto_integral.pdf", "ementa": "INDICA CONSTRU\u00c7\u00c3O DE PONTE NO C\u00d3RREGO BARRA DO PIRA\u00cd."}, {"id": "883", "ano": "2013", "numero": "66", "tipo__sigla": "IND", "tipo__descricao": "Indica\u00e7\u00e3o", "autoria": "Dalbino Cler, ANA PAULA DESTRO, Ben\u00edsio Enfermeiro, Dr. Rodrigo Soares, Helinho Mendon\u00e7a", "texto_original": "http://sapl.manhumirim.mg.leg.br/media/./sapl/public/materialegislativa/2013/883/883_texto_integral.pdf", "ementa": "INDICA CONSTRU\u00c7\u00c3O DE ROTAT\u00d3RIA EM LOCAL QUE MENCIONA."}, {"id": "884", "ano": "2013", "numero": "67", "tipo__sigla": "IND", "tipo__descricao": "Indica\u00e7\u00e3o", "autoria": "Ben\u00edsio Enfermeiro, ANA PAULA DESTRO, Dalbino Cler, Dr. Rodrigo Soares, Helinho Mendon\u00e7a", "texto_original": "http://sapl.manhumirim.mg.leg.br/media/./sapl/public/materialegislativa/2013/884/884_texto_integral.pdf", "ementa": "INDICA CONSTRU\u00c7\u00c3O DE FAIXA DE TRAVESSIA DE PEDESTRES."}, {"id": "885", "ano": "2013", "numero": "68", "tipo__sigla": "IND", "tipo__descricao": "Indica\u00e7\u00e3o", "autoria": "Ben\u00edsio Enfermeiro, ANA PAULA DESTRO, Dalbino Cler, Dr. Rodrigo Soares, Helinho Mendon\u00e7a", "texto_original": "http://sapl.manhumirim.mg.leg.br/media/./sapl/public/materialegislativa/2013/885/885_texto_integral.pdf", "ementa": "INDICA CONSTRU\u00c7\u00c3O DE FAIXA DE TRAVESSIA DE PEDESTRES."}, {"id": "886", "ano": "2013", "numero": "69", "tipo__sigla": "IND", "tipo__descricao": "Indica\u00e7\u00e3o", "autoria": "Dalbino Cler, ANA PAULA DESTRO, Ben\u00edsio Enfermeiro, Dr. Rodrigo Soares, Helinho Mendon\u00e7a, S\u00c9RGIO BOREL", "texto_original": "http://sapl.manhumirim.mg.leg.br/media/./sapl/public/materialegislativa/2013/886/886_texto_integral.pdf", "ementa": "INDICA ILUMINA\u00c7\u00c3O EM LOCAL QUE MENCIONA."}, {"id": "887", "ano": "2013", "numero": "70", "tipo__sigla": "IND", "tipo__descricao": "Indica\u00e7\u00e3o", "autoria": "Helinho Mendon\u00e7a", "texto_original": "http://sapl.manhumirim.mg.leg.br/media/./sapl/public/materialegislativa/2013/887/887_texto_integral.pdf", "ementa": "INDICA REVITALIZA\u00c7\u00c3O DA ESCADA QUE INTERLIGA A R. CAETANO FLORA \u00c0 R. NUNES DA ROSA."}, {"id": "888", "ano": "2013", "numero": "71", "tipo__sigla": "IND", "tipo__descricao": "Indica\u00e7\u00e3o", "autoria": "ANA PAULA DESTRO, Ben\u00edsio Enfermeiro, Dalbino Cler, D\u00e1rio Veiga, Helinho Mendon\u00e7a", "texto_original": "http://sapl.manhumirim.mg.leg.br/media/./sapl/public/materialegislativa/2013/888/888_texto_integral.pdf", "ementa": "INDICA ADES\u00c3O AO PROGRAMA NACIONAL DE ACESSO AO ENSINO T\u00c9CNICO E EMPREGO. (PRONATEC)."}, {"id": "889", "ano": "2013", "numero": "72", "tipo__sigla": "IND", "tipo__descricao": "Indica\u00e7\u00e3o", "autoria": "ANA PAULA DESTRO, Ben\u00edsio Enfermeiro, Dalbino Cler, D\u00e1rio Veiga, Helinho Mendon\u00e7a", "texto_original": "http://sapl.manhumirim.mg.leg.br/media/./sapl/public/materialegislativa/2013/889/889_texto_integral.pdf", "ementa": "INDICA PLACAS DE SINALIZA\u00c7\u00c3O NA ZONA RURAL."}, {"id": "890", "ano": "2013", "numero": "73", "tipo__sigla": "IND", "tipo__descricao": "Indica\u00e7\u00e3o", "autoria": "JO\u00c3O DA CASA FRANCO, D\u00e1rio Veiga, IVAN CAETANO, ROBERTO BOB, SEBASTI\u00c3O TRIST\u00c3O, S\u00c9RGIO BOREL", "texto_original": "http://sapl.manhumirim.mg.leg.br/media/./sapl/public/materialegislativa/2013/890/890_texto_integral.pdf", "ementa": "INDICA INSTALA\u00c7\u00c3O DE ESCANINHOS PARA OS ESTUDANTES EM TODAS AS ESCOLAS MUNICIPAIS."}, {"id": "891", "ano": "2013", "numero": "74", "tipo__sigla": "IND", "tipo__descricao": "Indica\u00e7\u00e3o", "autoria": "Dalbino Cler, ANA PAULA DESTRO, Ben\u00edsio Enfermeiro, Dr. Rodrigo Soares, Helinho Mendon\u00e7a, S\u00c9RGIO BOREL", "texto_original": "http://sapl.manhumirim.mg.leg.br/media/./sapl/public/materialegislativa/2013/891/891_texto_integral.pdf", "ementa": "INDICA ILUMINA\u00c7\u00c3O NO MIRANTE."}, {"id": "892", "ano": "2013", "numero": "75", "tipo__sigla": "IND", "tipo__descricao": "Indica\u00e7\u00e3o", "autoria": "D\u00e1rio Veiga", "texto_original": "http://sapl.manhumirim.mg.leg.br/media/./sapl/public/materialegislativa/2013/892/892_texto_integral.pdf", "ementa": "INDICA TRANSPORTE CIDAD\u00c3O."}, {"id": "893", "ano": "2013", "numero": "76", "tipo__sigla": "IND", "tipo__descricao": "Indica\u00e7\u00e3o", "autoria": "D\u00e1rio Veiga", "texto_original": "http://sapl.manhumirim.mg.leg.br/media/./sapl/public/materialegislativa/2013/893/893_texto_integral.pdf", "ementa": "INDICA PROVID\u00caNCIAS NA PRA\u00c7A PE. J\u00daLIO MARIA."}, {"id": "894", "ano": "2013", "numero": "77", "tipo__sigla": "IND", "tipo__descricao": "Indica\u00e7\u00e3o", "autoria": "IVAN CAETANO, Dalbino Cler, D\u00e1rio Veiga, JO\u00c3O DA CASA FRANCO, ROBERTO BOB, SEBASTI\u00c3O TRIST\u00c3O, S\u00c9RGIO BOREL", "texto_original": "http://sapl.manhumirim.mg.leg.br/media/./sapl/public/materialegislativa/2013/894/894_texto_integral.pdf", "ementa": "INDICA PROVID\u00caNCIAS PARA CRIA\u00c7\u00c3O DE GUARDA MUNICIPAL EM MANHUMIRIM."}, {"id": "895", "ano": "2013", "numero": "78", "tipo__sigla": "IND", "tipo__descricao": "Indica\u00e7\u00e3o", "autoria": "ROBERTO BOB, D\u00e1rio Veiga, IVAN CAETANO, JO\u00c3O DA CASA FRANCO, SEBASTI\u00c3O TRIST\u00c3O, S\u00c9RGIO BOREL", "texto_original": "http://sapl.manhumirim.mg.leg.br/media/./sapl/public/materialegislativa/2013/895/895_texto_integral.pdf", "ementa": "INDICA REDE PLUVIAL BAIRRO SANTA RITA."}, {"id": "896", "ano": "2013", "numero": "79", "tipo__sigla": "IND", "tipo__descricao": "Indica\u00e7\u00e3o", "autoria": "ROBERTO BOB, D\u00e1rio Veiga, IVAN CAETANO, JO\u00c3O DA CASA FRANCO, SEBASTI\u00c3O TRIST\u00c3O, S\u00c9RGIO BOREL", "texto_original": "http://sapl.manhumirim.mg.leg.br/media/./sapl/public/materialegislativa/2013/896/896_texto_integral.pdf", "ementa": "INDICA CAPTA\u00c7\u00c3O DE \u00c1GUA NA RUA S\u00c3O JOS\u00c9."}, {"id": "897", "ano": "2013", "numero": "80", "tipo__sigla": "IND", "tipo__descricao": "Indica\u00e7\u00e3o", "autoria": "Dr. Rodrigo Soares, ANA PAULA DESTRO, Ben\u00edsio Enfermeiro, Dalbino Cler, Helinho Mendon\u00e7a", "texto_original": "http://sapl.manhumirim.mg.leg.br/media/./sapl/public/materialegislativa/2013/897/897_texto_integral.pdf", "ementa": "INDICA CAL\u00c7AMENTO C\u00d3RREGO DO LESSA - EMERICK"}, {"id": "898", "ano": "2013", "numero": "81", "tipo__sigla": "IND", "tipo__descricao": "Indica\u00e7\u00e3o", "autoria": "ROBERTO BOB, D\u00e1rio Veiga, IVAN CAETANO, JO\u00c3O DA CASA FRANCO, SEBASTI\u00c3O TRIST\u00c3O, S\u00c9RGIO BOREL", "texto_original": "http://sapl.manhumirim.mg.leg.br/media/./sapl/public/materialegislativa/2013/898/898_texto_integral.pdf", "ementa": "INDICA CAPTA\u00c7\u00c3O DE REDE DE ESGOTO VILA SANTA TEREZINHA."}, {"id": "899", "ano": "2013", "numero": "82", "tipo__sigla": "IND", "tipo__descricao": "Indica\u00e7\u00e3o", "autoria": "Ben\u00edsio Enfermeiro, ANA PAULA DESTRO, Dalbino Cler, D\u00e1rio Veiga, Dr. Rodrigo Soares, Helinho Mendon\u00e7a", "texto_original": "http://sapl.manhumirim.mg.leg.br/media/./sapl/public/materialegislativa/2013/899/899_texto_integral.pdf", "ementa": "INDICA INSTALA\u00c7\u00c3O DE 03 L\u00c2MPADAS E MANUTEN\u00c7\u00c3O DE CAL\u00c7AMENTO DA RUA VILA ISABEL"}, {"id": "900", "ano": "2013", "numero": "83", "tipo__sigla": "IND", "tipo__descricao": "Indica\u00e7\u00e3o", "autoria": "IVAN CAETANO, D\u00e1rio Veiga, JO\u00c3O DA CASA FRANCO, ROBERTO BOB, SEBASTI\u00c3O TRIST\u00c3O, S\u00c9RGIO BOREL", "texto_original": "http://sapl.manhumirim.mg.leg.br/media/./sapl/public/materialegislativa/2013/900/900_texto_integral.pdf", "ementa": "INDICA CRIA\u00c7\u00c3O DE CASA DE APOIO PARA PACIENTES EM TRATAMENTO FORA DO DOMIC\u00cdLIO."}, {"id": "901", "ano": "2013", "numero": "84", "tipo__sigla": "IND", "tipo__descricao": "Indica\u00e7\u00e3o", "autoria": "Dalbino Cler", "texto_original": "http://sapl.manhumirim.mg.leg.br/media/./sapl/public/materialegislativa/2013/901/901_texto_integral.pdf", "ementa": "INDICA CONSTRU\u00c7\u00c3O PONTE LIGANDO R. 7 SETEMBRO AO BAIRRO SANTA RITA."}, {"id": "902", "ano": "2013", "numero": "85", "tipo__sigla": "IND", "tipo__descricao": "Indica\u00e7\u00e3o", "autoria": "D\u00e1rio Veiga", "texto_original": "http://sapl.manhumirim.mg.leg.br/media/./sapl/public/materialegislativa/2013/902/902_texto_integral.pdf", "ementa": "INDICA CONSTRU\u00c7\u00c3O DE PISTA DE SKATE."}, {"id": "903", "ano": "2013", "numero": "86", "tipo__sigla": "IND", "tipo__descricao": "Indica\u00e7\u00e3o", "autoria": "ROBERTO BOB, D\u00e1rio Veiga, IVAN CAETANO, JO\u00c3O DA CASA FRANCO, SEBASTI\u00c3O TRIST\u00c3O, S\u00c9RGIO BOREL", "texto_original": "http://sapl.manhumirim.mg.leg.br/media/./sapl/public/materialegislativa/2013/903/903_texto_integral.pdf", "ementa": "INDICA CAL\u00c7AMENTO NA R. ARLINDO DAMI\u00c3O RODRIGUES."}, {"id": "904", "ano": "2013", "numero": "87", "tipo__sigla": "IND", "tipo__descricao": "Indica\u00e7\u00e3o", "autoria": "S\u00c9RGIO BOREL, Dalbino Cler, D\u00e1rio Veiga, IVAN CAETANO, JO\u00c3O DA CASA FRANCO, ROBERTO BOB, SEBASTI\u00c3O TRIST\u00c3O", "texto_original": "http://sapl.manhumirim.mg.leg.br/media/./sapl/public/materialegislativa/2013/904/904_texto_integral.pdf", "ementa": "INDICA REDU\u00c7\u00c3O DA CARGA HOR\u00c1RIA DE MONITORAS."}, {"id": "905", "ano": "2013", "numero": "88", "tipo__sigla": "IND", "tipo__descricao": "Indica\u00e7\u00e3o", "autoria": "S\u00c9RGIO BOREL, Dalbino Cler, D\u00e1rio Veiga, IVAN CAETANO, JO\u00c3O DA CASA FRANCO, ROBERTO BOB, SEBASTI\u00c3O TRIST\u00c3O", "texto_original": "http://sapl.manhumirim.mg.leg.br/media/./sapl/public/materialegislativa/2013/905/905_texto_integral.pdf", "ementa": "INDICA REDUTOR DE VELOCIDADE EM LOCAL QUE MENCIONA (BAIRRO N. SR\u00aa. PENHA)."}, {"id": "906", "ano": "2013", "numero": "89", "tipo__sigla": "IND", "tipo__descricao": "Indica\u00e7\u00e3o", "autoria": "S\u00c9RGIO BOREL, Dalbino Cler, D\u00e1rio Veiga, IVAN CAETANO, JO\u00c3O DA CASA FRANCO, ROBERTO BOB, SEBASTI\u00c3O TRIST\u00c3O", "texto_original": "http://sapl.manhumirim.mg.leg.br/media/./sapl/public/materialegislativa/2013/906/906_texto_integral.pdf", "ementa": "INDICA AQUISI\u00c7\u00c3O DE VE\u00cdCULOS PARA A EDUCA\u00c7\u00c3O E SA\u00daDE DO MUNIC\u00cdPIO."}, {"id": "907", "ano": "2013", "numero": "90", "tipo__sigla": "IND", "tipo__descricao": "Indica\u00e7\u00e3o", "autoria": "Dr. Rodrigo Soares, ANA PAULA DESTRO, Ben\u00edsio Enfermeiro, Dalbino Cler, Helinho Mendon\u00e7a, IVAN CAETANO", "texto_original": "http://sapl.manhumirim.mg.leg.br/media/./sapl/public/materialegislativa/2013/907/907_texto_integral.pdf", "ementa": "INDICA T\u00c9RMINO DOS PONTOS DE T\u00c1XI NO MUNIC\u00cdPIO."}, {"id": "908", "ano": "2013", "numero": "91", "tipo__sigla": "IND", "tipo__descricao": "Indica\u00e7\u00e3o", "autoria": "Helinho Mendon\u00e7a", "texto_original": "http://sapl.manhumirim.mg.leg.br/media/./sapl/public/materialegislativa/2013/908/908_texto_integral.pdf", "ementa": "INDICA MANUTEN\u00c7\u00c3O NOS CAL\u00c7AMENTOS DAS VIAS E RUAS DO MUNIC\u00cdPIO."}, {"id": "909", "ano": "2013", "numero": "92", "tipo__sigla": "IND", "tipo__descricao": "Indica\u00e7\u00e3o", "autoria": "SEBASTI\u00c3O TRIST\u00c3O, D\u00e1rio Veiga, IVAN CAETANO, JO\u00c3O DA CASA FRANCO, ROBERTO BOB, S\u00c9RGIO BOREL", "texto_original": "http://sapl.manhumirim.mg.leg.br/media/./sapl/public/materialegislativa/2013/909/909_texto_integral.pdf", "ementa": "INDICA CONSTRU\u00c7\u00c3O DE CAL\u00c7ADAS E BALA\u00daSTRES NA RUA AGRIP\u00cdNO CASQUEIRO, BAIRRO NOSSA SENHORA DA PENHA."}, {"id": "910", "ano": "2013", "numero": "93", "tipo__sigla": "IND", "tipo__descricao": "Indica\u00e7\u00e3o", "autoria": "JO\u00c3O DA CASA FRANCO, Dalbino Cler, D\u00e1rio Veiga, IVAN CAETANO, ROBERTO BOB, SEBASTI\u00c3O TRIST\u00c3O, S\u00c9RGIO BOREL", "texto_original": "http://sapl.manhumirim.mg.leg.br/media/./sapl/public/materialegislativa/2013/910/910_texto_integral.pdf", "ementa": "INDICA REPAROS EM CAL\u00c7AMENTOS NA CIDADE."}, {"id": "911", "ano": "2013", "numero": "94", "tipo__sigla": "IND", "tipo__descricao": "Indica\u00e7\u00e3o", "autoria": "JO\u00c3O DA CASA FRANCO, Dalbino Cler, D\u00e1rio Veiga, IVAN CAETANO, ROBERTO BOB, SEBASTI\u00c3O TRIST\u00c3O, S\u00c9RGIO BOREL", "texto_original": "http://sapl.manhumirim.mg.leg.br/media/./sapl/public/materialegislativa/2013/911/911_texto_integral.pdf", "ementa": "INDICA CRIA\u00c7\u00c3O DE CART\u00c3O DE CR\u00c9DITO PARA SERVIDOR P\u00daBLICO MUNICIPAL."}, {"id": "912", "ano": "2013", "numero": "95", "tipo__sigla": "IND", "tipo__descricao": "Indica\u00e7\u00e3o", "autoria": "ROBERTO BOB, D\u00e1rio Veiga, IVAN CAETANO, JO\u00c3O DA CASA FRANCO, SEBASTI\u00c3O TRIST\u00c3O, S\u00c9RGIO BOREL", "texto_original": "http://sapl.manhumirim.mg.leg.br/media/./sapl/public/materialegislativa/2013/912/912_texto_integral.pdf", "ementa": "INDICA CONTRATA\u00c7\u00c3O DE HORAS M\u00c1QUINAS PARA MANUTEN\u00c7\u00c3O DAS ESTRADAS DE LAVOURA DA ZONA RURAL."}, {"id": "913", "ano": "2013", "numero": "96", "tipo__sigla": "IND", "tipo__descricao": "Indica\u00e7\u00e3o", "autoria": "JO\u00c3O DA CASA FRANCO, Dalbino Cler, D\u00e1rio Veiga, IVAN CAETANO, ROBERTO BOB, SEBASTI\u00c3O TRIST\u00c3O, S\u00c9RGIO BOREL", "texto_original": "http://sapl.manhumirim.mg.leg.br/media/./sapl/public/materialegislativa/2013/913/913_texto_integral.pdf", "ementa": "INDICA CAL\u00c7AMENTO EM LOCAIS QUE MENCIONA."}, {"id": "914", "ano": "2013", "numero": "97", "tipo__sigla": "IND", "tipo__descricao": "Indica\u00e7\u00e3o", "autoria": "Dr. Rodrigo Soares, ANA PAULA DESTRO, Ben\u00edsio Enfermeiro, Dalbino Cler, Helinho Mendon\u00e7a, IVAN CAETANO, ROBERTO BOB, S\u00c9RGIO BOREL", "texto_original": "http://sapl.manhumirim.mg.leg.br/media/./sapl/public/materialegislativa/2013/914/914_texto_integral.pdf", "ementa": "INDICA RETORNO DE PONTO DE \u00d4NIBUS."}, {"id": "915", "ano": "2013", "numero": "98", "tipo__sigla": "IND", "tipo__descricao": "Indica\u00e7\u00e3o", "autoria": "Dalbino Cler", "texto_original": "http://sapl.manhumirim.mg.leg.br/media/./sapl/public/materialegislativa/2013/915/915_texto_integral.pdf", "ementa": "INDICA CONSTRU\u00c7\u00c3O DE CORRIM\u00c3O EM LOCAL QUE MENCIONA."}, {"id": "916", "ano": "2013", "numero": "99", "tipo__sigla": "IND", "tipo__descricao": "Indica\u00e7\u00e3o", "autoria": "Dalbino Cler", "texto_original": "http://sapl.manhumirim.mg.leg.br/media/./sapl/public/materialegislativa/2013/916/916_texto_integral.pdf", "ementa": "INDICA AQUISI\u00c7\u00c3O DE TELA E TAMPAS DE CAIXA D'\u00c1GUA."}, {"id": "917", "ano": "2013", "numero": "100", "tipo__sigla": "IND", "tipo__descricao": "Indica\u00e7\u00e3o", "autoria": "Dalbino Cler", "texto_original": "http://sapl.manhumirim.mg.leg.br/media/./sapl/public/materialegislativa/2013/917/917_texto_integral.pdf", "ementa": "INDICA ACADEMIA DA SA\u00daDE, BAIRRO SANTA RITA."}, {"id": "918", "ano": "2013", "numero": "101", "tipo__sigla": "IND", "tipo__descricao": "Indica\u00e7\u00e3o", "autoria": "ROBERTO BOB", "texto_original": "http://sapl.manhumirim.mg.leg.br/media/./sapl/public/materialegislativa/2013/918/918_texto_integral.pdf", "ementa": "INDICA POSSIBILIDADE DE ELABORAR OU ADEQUAR PLANOS DE CARREIRA E  REVIS\u00c3O DE SAL\u00c1RIOS DOS AGENTES EPIDEMIOL\u00d3GICOS.                                                                                                "}, {"id": "919", "ano": "2013", "numero": "102", "tipo__sigla": "IND", "tipo__descricao": "Indica\u00e7\u00e3o", "autoria": "ROBERTO BOB", "texto_original": "http://sapl.manhumirim.mg.leg.br/media/./sapl/public/materialegislativa/2013/919/919_texto_integral.pdf", "ementa": "INDICA REESTRUTURA\u00c7\u00c3O DE ESCAD\u00c3O NA RUA DURAND\u00c9."}, {"id": "920", "ano": "2013", "numero": "103", "tipo__sigla": "IND", "tipo__descricao": "Indica\u00e7\u00e3o", "autoria": "Dalbino Cler", "texto_original": "http://sapl.manhumirim.mg.leg.br/media/./sapl/public/materialegislativa/2013/920/920_texto_integral.pdf", "ementa": "INDICA INSTALA\u00c7\u00c3O DE BUEIRO INTELIGENTE."}, {"id": "921", "ano": "2013", "numero": "104", "tipo__sigla": "IND", "tipo__descricao": "Indica\u00e7\u00e3o", "autoria": "Helinho Mendon\u00e7a, ANA PAULA DESTRO, Ben\u00edsio Enfermeiro, Dalbino Cler, Dr. Rodrigo Soares", "texto_original": "http://sapl.manhumirim.mg.leg.br/media/./sapl/public/materialegislativa/2013/921/921_texto_integral.pdf", "ementa": "INDICA APRESENTA\u00c7\u00c3O DE PROJETO DE LEI QUE MENCIONA."}, {"id": "922", "ano": "2013", "numero": "105", "tipo__sigla": "IND", "tipo__descricao": "Indica\u00e7\u00e3o", "autoria": "S\u00c9RGIO BOREL, Dalbino Cler, D\u00e1rio Veiga, IVAN CAETANO, JO\u00c3O DA CASA FRANCO, ROBERTO BOB, SEBASTI\u00c3O TRIST\u00c3O", "texto_original": "http://sapl.manhumirim.mg.leg.br/media/./sapl/public/materialegislativa/2013/922/922_texto_integral.pdf", "ementa": "INDICA CUSTEIO DE TRANSPORTE PARA UNIVERSIT\u00c1RIOS."}, {"id": "923", "ano": "2013", "numero": "106", "tipo__sigla": "IND", "tipo__descricao": "Indica\u00e7\u00e3o", "autoria": "IVAN CAETANO, Dalbino Cler, D\u00e1rio Veiga, JO\u00c3O DA CASA FRANCO, ROBERTO BOB, SEBASTI\u00c3O TRIST\u00c3O, S\u00c9RGIO BOREL", "texto_original": "http://sapl.manhumirim.mg.leg.br/media/./sapl/public/materialegislativa/2013/923/923_texto_integral.pdf", "ementa": "INDICA REESTRUTURA\u00c7\u00c3O NO TREVO DA JK."}, {"id": "924", "ano": "2013", "numero": "107", "tipo__sigla": "IND", "tipo__descricao": "Indica\u00e7\u00e3o", "autoria": "D\u00e1rio Veiga, Dalbino Cler, IVAN CAETANO, JO\u00c3O DA CASA FRANCO, ROBERTO BOB, SEBASTI\u00c3O TRIST\u00c3O, S\u00c9RGIO BOREL", "texto_original": "http://sapl.manhumirim.mg.leg.br/media/./sapl/public/materialegislativa/2013/924/924_texto_integral.pdf", "ementa": "INDICA REVITALIZA\u00c7\u00c3O DA JK."}, {"id": "925", "ano": "2013", "numero": "108", "tipo__sigla": "IND", "tipo__descricao": "Indica\u00e7\u00e3o", "autoria": "Ben\u00edsio Enfermeiro, Dalbino Cler, Helinho Mendon\u00e7a", "texto_original": "http://sapl.manhumirim.mg.leg.br/media/./sapl/public/materialegislativa/2013/925/925_texto_integral.pdf", "ementa": "INDICA FUNCIONAMENTO DA FARM\u00c1CIA MUNICIPAL NOS FERIADOS E NOS FINS DE SEMANA. "}, {"id": "926", "ano": "2013", "numero": "109", "tipo__sigla": "IND", "tipo__descricao": "Indica\u00e7\u00e3o", "autoria": "Ben\u00edsio Enfermeiro", "texto_original": "http://sapl.manhumirim.mg.leg.br/media/./sapl/public/materialegislativa/2013/926/926_texto_integral.pdf", "ementa": "INDICA REESTRUTURA\u00c7\u00c3O NO FINAL DA RUA S\u00c3O JOS\u00c9."}, {"id": "927", "ano": "2013", "numero": "110", "tipo__sigla": "IND", "tipo__descricao": "Indica\u00e7\u00e3o", "autoria": "Dalbino Cler", "texto_original": "http://sapl.manhumirim.mg.leg.br/media/./sapl/public/materialegislativa/2013/927/927_texto_integral.pdf", "ementa": "INDICA CONSTRU\u00c7\u00c3O DE ORAT\u00d3RIO NA PRA\u00c7A HELIO PIRES."}, {"id": "928", "ano": "2013", "numero": "111", "tipo__sigla": "IND", "tipo__descricao": "Indica\u00e7\u00e3o", "autoria": "ROBERTO BOB", "texto_original": "http://sapl.manhumirim.mg.leg.br/media/./sapl/public/materialegislativa/2013/928/928_texto_integral.pdf", "ementa": "INDICA CONSTRU\u00c7\u00c3O DE UM TREVO NO CGO. CAATINGA."}, {"id": "929", "ano": "2013", "numero": "112", "tipo__sigla": "IND", "tipo__descricao": "Indica\u00e7\u00e3o", "autoria": "SEBASTI\u00c3O TRIST\u00c3O, D\u00e1rio Veiga, IVAN CAETANO, JO\u00c3O DA CASA FRANCO, ROBERTO BOB, S\u00c9RGIO BOREL", "texto_original": "http://sapl.manhumirim.mg.leg.br/media/./sapl/public/materialegislativa/2013/929/929_texto_integral.pdf", "ementa": "INDICA CONSTRU\u00c7\u00c3O DE PARQUINHO NA PRA\u00c7A PE. JULIO MARIA"}, {"id": "930", "ano": "2013", "numero": "113", "tipo__sigla": "IND", "tipo__descricao": "Indica\u00e7\u00e3o", "autoria": "JO\u00c3O DA CASA FRANCO, Dalbino Cler, D\u00e1rio Veiga, Helinho Mendon\u00e7a, IVAN CAETANO, ROBERTO BOB, SEBASTI\u00c3O TRIST\u00c3O, S\u00c9RGIO BOREL", "texto_original": "http://sapl.manhumirim.mg.leg.br/media/./sapl/public/materialegislativa/2013/930/930_texto_integral.pdf", "ementa": "INDICA CAL\u00c7AMENTO EM FRENTE AS ESCOLAS RURAIS."}, {"id": "931", "ano": "2013", "numero": "114", "tipo__sigla": "IND", "tipo__descricao": "Indica\u00e7\u00e3o", "autoria": "JO\u00c3O DA CASA FRANCO, Dalbino Cler, D\u00e1rio Veiga, Helinho Mendon\u00e7a, IVAN CAETANO, ROBERTO BOB, SEBASTI\u00c3O TRIST\u00c3O, S\u00c9RGIO BOREL", "texto_original": "http://sapl.manhumirim.mg.leg.br/media/./sapl/public/materialegislativa/2013/931/931_texto_integral.pdf", "ementa": "INDICA REVITALIZA\u00c7\u00c3O DA P\u00c7. GET\u00daLIO VARGAS."}, {"id": "932", "ano": "2013", "numero": "115", "tipo__sigla": "IND", "tipo__descricao": "Indica\u00e7\u00e3o", "autoria": "Dr. Rodrigo Soares, ANA PAULA DESTRO, Ben\u00edsio Enfermeiro, Dalbino Cler, Helinho Mendon\u00e7a, IVAN CAETANO, ROBERTO BOB, S\u00c9RGIO BOREL", "texto_original": "http://sapl.manhumirim.mg.leg.br/media/./sapl/public/materialegislativa/2013/932/932_texto_integral.pdf", "ementa": "INDICA MUDAN\u00c7A DE PONTO DE T\u00c1XI."}, {"id": "933", "ano": "2013", "numero": "116", "tipo__sigla": "IND", "tipo__descricao": "Indica\u00e7\u00e3o", "autoria": "SEBASTI\u00c3O TRIST\u00c3O, D\u00e1rio Veiga, IVAN CAETANO, JO\u00c3O DA CASA FRANCO, ROBERTO BOB, S\u00c9RGIO BOREL", "texto_original": "http://sapl.manhumirim.mg.leg.br/media/./sapl/public/materialegislativa/2013/933/933_texto_integral.pdf", "ementa": "SOLICITA PROIBI\u00c7\u00c3O DE ESTACIONAMENTO EM LOCAL QUE MENCIONA. "}, {"id": "934", "ano": "2013", "numero": "117", "tipo__sigla": "IND", "tipo__descricao": "Indica\u00e7\u00e3o", "autoria": "S\u00c9RGIO BOREL, Dalbino Cler, D\u00e1rio Veiga, IVAN CAETANO, JO\u00c3O DA CASA FRANCO, ROBERTO BOB, SEBASTI\u00c3O TRIST\u00c3O", "texto_original": "http://sapl.manhumirim.mg.leg.br/media/./sapl/public/materialegislativa/2013/934/934_texto_integral.pdf", "ementa": "SOLICITA PROVID\u00caNCIAS PARA A RUA HORFANO GANZAGA, BAIRRO CIDADE JARDIM."}, {"id": "935", "ano": "2013", "numero": "118", "tipo__sigla": "IND", "tipo__descricao": "Indica\u00e7\u00e3o", "autoria": "Helinho Mendon\u00e7a, ANA PAULA DESTRO, Ben\u00edsio Enfermeiro, Dalbino Cler, Dr. Rodrigo Soares", "texto_original": "http://sapl.manhumirim.mg.leg.br/media/./sapl/public/materialegislativa/2013/935/935_texto_integral.pdf", "ementa": "SOLICITA REESTRUTURA\u00c7\u00c3O NO TR\u00c2NSITO EM LOCAL QUE MENCIONA."}, {"id": "936", "ano": "2013", "numero": "119", "tipo__sigla": "IND", "tipo__descricao": "Indica\u00e7\u00e3o", "autoria": "IVAN CAETANO, D\u00e1rio Veiga, JO\u00c3O DA CASA FRANCO, ROBERTO BOB, SEBASTI\u00c3O TRIST\u00c3O, S\u00c9RGIO BOREL", "texto_original": "http://sapl.manhumirim.mg.leg.br/media/./sapl/public/materialegislativa/2013/936/936_texto_integral.pdf", "ementa": " INDICA PROVID\u00caNCIAS PARA O \u00d4NIBUS CIRCULAR."}, {"id": "937", "ano": "2013", "numero": "120", "tipo__sigla": "IND", "tipo__descricao": "Indica\u00e7\u00e3o", "autoria": "JO\u00c3O DA CASA FRANCO, Dalbino Cler, D\u00e1rio Veiga, Helinho Mendon\u00e7a, IVAN CAETANO, ROBERTO BOB, SEBASTI\u00c3O TRIST\u00c3O, S\u00c9RGIO BOREL", "texto_original": "http://sapl.manhumirim.mg.leg.br/media/./sapl/public/materialegislativa/2013/937/937_texto_integral.pdf", "ementa": "INDICA AGENDAMENTO DE CONSULTA PARA REC\u00c9M NASCIDO. "}, {"id": "938", "ano": "2013", "numero": "121", "tipo__sigla": "IND", "tipo__descricao": "Indica\u00e7\u00e3o", "autoria": "JO\u00c3O DA CASA FRANCO, Dalbino Cler, D\u00e1rio Veiga, Helinho Mendon\u00e7a, IVAN CAETANO, ROBERTO BOB, SEBASTI\u00c3O TRIST\u00c3O, S\u00c9RGIO BOREL", "texto_original": "http://sapl.manhumirim.mg.leg.br/media/./sapl/public/materialegislativa/2013/938/938_texto_integral.pdf", "ementa": "INDICA AQUISI\u00c7\u00c3O DE APARELHO DE TV PARA RODOVI\u00c1RIA. "}, {"id": "939", "ano": "2013", "numero": "122", "tipo__sigla": "IND", "tipo__descricao": "Indica\u00e7\u00e3o", "autoria": "IVAN CAETANO, D\u00e1rio Veiga, JO\u00c3O DA CASA FRANCO, ROBERTO BOB, SEBASTI\u00c3O TRIST\u00c3O, S\u00c9RGIO BOREL", "texto_original": "http://sapl.manhumirim.mg.leg.br/media/./sapl/public/materialegislativa/2013/939/939_texto_integral.pdf", "ementa": "INDICA PROVID\u00caNCIAS PARA A RUA ROQUE PORCARO J\u00daNIOR. "}, {"id": "940", "ano": "2013", "numero": "123", "tipo__sigla": "IND", "tipo__descricao": "Indica\u00e7\u00e3o", "autoria": "IVAN CAETANO, D\u00e1rio Veiga, JO\u00c3O DA CASA FRANCO, ROBERTO BOB, SEBASTI\u00c3O TRIST\u00c3O, S\u00c9RGIO BOREL", "texto_original": "http://sapl.manhumirim.mg.leg.br/media/./sapl/public/materialegislativa/2013/940/940_texto_integral.pdf", "ementa": "INDICA POSTE DE ILUMINA\u00c7\u00c3O P\u00daBLICA EM LOCAL QUE MENCIONA."}, {"id": "941", "ano": "2013", "numero": "124", "tipo__sigla": "IND", "tipo__descricao": "Indica\u00e7\u00e3o", "autoria": "S\u00c9RGIO BOREL", "texto_original": "http://sapl.manhumirim.mg.leg.br/media/./sapl/public/materialegislativa/2013/941/941_texto_integral.pdf", "ementa": "INDICA SINALIZA\u00c7\u00c3O E REDUTOR DE VELOCIDADE NA AV. JK."}, {"id": "942", "ano": "2013", "numero": "125", "tipo__sigla": "IND", "tipo__descricao": "Indica\u00e7\u00e3o", "autoria": "Ben\u00edsio Enfermeiro", "texto_original": "http://sapl.manhumirim.mg.leg.br/media/./sapl/public/materialegislativa/2013/942/942_texto_integral.pdf", "ementa": "INDICA PATROC\u00cdNIO DA PMM PARA A COPA RIO MINAS DE MOTOCROSS."}, {"id": "943", "ano": "2013", "numero": "126", "tipo__sigla": "IND", "tipo__descricao": "Indica\u00e7\u00e3o", "autoria": "Helinho Mendon\u00e7a", "texto_original": "http://sapl.manhumirim.mg.leg.br/media/./sapl/public/materialegislativa/2013/943/943_texto_integral.pdf", "ementa": "INDICA AQUISI\u00c7\u00c3O DE VE\u00cdCULO PARA O CONSELHO TUTELAR."}, {"id": "944", "ano": "2013", "numero": "127", "tipo__sigla": "IND", "tipo__descricao": "Indica\u00e7\u00e3o", "autoria": "D\u00e1rio Veiga, Dalbino Cler, IVAN CAETANO, JO\u00c3O DA CASA FRANCO, ROBERTO BOB, SEBASTI\u00c3O TRIST\u00c3O, S\u00c9RGIO BOREL", "texto_original": "http://sapl.manhumirim.mg.leg.br/media/./sapl/public/materialegislativa/2013/944/944_texto_integral.pdf", "ementa": "INDICA RESTAURA\u00c7\u00c3O DE ESCADARIA (VILA RICA AO BAIRRO DA PENHA)."}, {"id": "945", "ano": "2013", "numero": "128", "tipo__sigla": "IND", "tipo__descricao": "Indica\u00e7\u00e3o", "autoria": "D\u00e1rio Veiga", "texto_original": "http://sapl.manhumirim.mg.leg.br/media/./sapl/public/materialegislativa/2013/945/945_texto_integral.pdf", "ementa": "INDICA COBERTURA EM POSTO DE SA\u00daDE."}, {"id": "946", "ano": "2013", "numero": "129", "tipo__sigla": "IND", "tipo__descricao": "Indica\u00e7\u00e3o", "autoria": "Helinho Mendon\u00e7a, Dalbino Cler, D\u00e1rio Veiga", "texto_original": "http://sapl.manhumirim.mg.leg.br/media/./sapl/public/materialegislativa/2013/946/946_texto_integral.pdf", "ementa": "INDICA NOVO PLANO DE CARGOS E SAL\u00c1RIOS PARA OS SERVIDORES P\u00daBLICOS DA PREFEITURA."}, {"id": "947", "ano": "2013", "numero": "130", "tipo__sigla": "IND", "tipo__descricao": "Indica\u00e7\u00e3o", "autoria": "Ben\u00edsio Enfermeiro", "texto_original": "http://sapl.manhumirim.mg.leg.br/media/./sapl/public/materialegislativa/2013/947/947_texto_integral.pdf", "ementa": "INDICA CAL\u00c7AMENTO EM LOGRADOURO P\u00daBLICO (R. FREI FRANCISCO)."}, {"id": "948", "ano": "2013", "numero": "131", "tipo__sigla": "IND", "tipo__descricao": "Indica\u00e7\u00e3o", "autoria": "Ben\u00edsio Enfermeiro", "texto_original": "http://sapl.manhumirim.mg.leg.br/media/./sapl/public/materialegislativa/2013/948/948_texto_integral.pdf", "ementa": "INDICA T\u00c9RMINO DA CONSTRU\u00c7\u00c3O DE CAPELA VEL\u00d3RIO DO BAIRRO CAMPESTRE."}, {"id": "949", "ano": "2013", "numero": "132", "tipo__sigla": "IND", "tipo__descricao": "Indica\u00e7\u00e3o", "autoria": "Helinho Mendon\u00e7a, D\u00e1rio Veiga", "texto_original": "http://sapl.manhumirim.mg.leg.br/media/./sapl/public/materialegislativa/2013/949/949_texto_integral.pdf", "ementa": "INDICA CRIA\u00c7\u00c3O DA CASA DOS CONSELHOS DO MUNIC\u00cdPIO DE MANHUMIRIM"}, {"id": "950", "ano": "2013", "numero": "133", "tipo__sigla": "IND", "tipo__descricao": "Indica\u00e7\u00e3o", "autoria": "Helinho Mendon\u00e7a, D\u00e1rio Veiga", "texto_original": "http://sapl.manhumirim.mg.leg.br/media/./sapl/public/materialegislativa/2013/950/950_texto_integral.pdf", "ementa": "INDICA INSTITUI\u00c7\u00c3O DE DI\u00c1RIAS PARA OS MEMBROS DOS CONSELHOS MUNICIPAIS."}, {"id": "951", "ano": "2013", "numero": "134", "tipo__sigla": "IND", "tipo__descricao": "Indica\u00e7\u00e3o", "autoria": "IVAN CAETANO", "texto_original": "http://sapl.manhumirim.mg.leg.br/media/./sapl/public/materialegislativa/2013/951/951_texto_integral.pdf", "ementa": "INDICA REVITALIZA\u00c7\u00c3O DA RAIA DE MALHA NA RUA SETE DE SETEMBRO."}, {"id": "952", "ano": "2013", "numero": "135", "tipo__sigla": "IND", "tipo__descricao": "Indica\u00e7\u00e3o", "autoria": "IVAN CAETANO", "texto_original": "http://sapl.manhumirim.mg.leg.br/media/./sapl/public/materialegislativa/2013/952/952_texto_integral.pdf", "ementa": "INDICA BENFEITORIAS NA RUA OT\u00c1VIO ANT\u00d4NIO LEMOS."}, {"id": "953", "ano": "2013", "numero": "136", "tipo__sigla": "IND", "tipo__descricao": "Indica\u00e7\u00e3o", "autoria": "D\u00e1rio Veiga", "texto_original": "http://sapl.manhumirim.mg.leg.br/media/./sapl/public/materialegislativa/2013/953/953_texto_integral.pdf", "ementa": "INDICA ILUMINA\u00c7\u00c3O E COBERTURA NA MINA D'\u00c1GUA SITUADA NA RUA DOMINGOS DESTRO."}, {"id": "954", "ano": "2013", "numero": "137", "tipo__sigla": "IND", "tipo__descricao": "Indica\u00e7\u00e3o", "autoria": "JO\u00c3O DA CASA FRANCO", "texto_original": "http://sapl.manhumirim.mg.leg.br/media/./sapl/public/materialegislativa/2013/954/954_texto_integral.pdf", "ementa": "INDICA ILUMINA\u00c7\u00c3O PARA A RUA RAGOZINO RODRIGUES DE OLIVEIRA."}, {"id": "955", "ano": "2013", "numero": "138", "tipo__sigla": "IND", "tipo__descricao": "Indica\u00e7\u00e3o", "autoria": "JO\u00c3O DA CASA FRANCO", "texto_original": "http://sapl.manhumirim.mg.leg.br/media/./sapl/public/materialegislativa/2013/955/955_texto_integral.pdf", "ementa": "INDICA REVITALIZA\u00c7\u00c3O DE FAIXA DE PEDESTRES NA AV JK."}, {"id": "956", "ano": "2013", "numero": "139", "tipo__sigla": "IND", "tipo__descricao": "Indica\u00e7\u00e3o", "autoria": "S\u00c9RGIO BOREL, Dalbino Cler, D\u00e1rio Veiga, Dr. Rodrigo Soares, IVAN CAETANO, JO\u00c3O DA CASA FRANCO, ROBERTO BOB", "texto_original": "http://sapl.manhumirim.mg.leg.br/media/./sapl/public/materialegislativa/2013/956/956_texto_integral.pdf", "ementa": "INDICA FAIXA DE PEDESTRES NO CENTRO DA CIDADE."}, {"id": "957", "ano": "2013", "numero": "140", "tipo__sigla": "IND", "tipo__descricao": "Indica\u00e7\u00e3o", "autoria": "IVAN CAETANO", "texto_original": "http://sapl.manhumirim.mg.leg.br/media/", "ementa": "INDICA RESTAURA\u00c7\u00c3O DA FACHADA DO SEMIN\u00c1RIO APOST\u00d3LICO PIO XI."}, {"id": "958", "ano": "2013", "numero": "141", "tipo__sigla": "IND", "tipo__descricao": "Indica\u00e7\u00e3o", "autoria": "Dalbino Cler", "texto_original": "http://sapl.manhumirim.mg.leg.br/media/./sapl/public/materialegislativa/2013/958/958_texto_integral.pdf", "ementa": "INDICA LIMPEZA NO RIO."}, {"id": "959", "ano": "2013", "numero": "142", "tipo__sigla": "IND", "tipo__descricao": "Indica\u00e7\u00e3o", "autoria": "D\u00e1rio Veiga", "texto_original": "http://sapl.manhumirim.mg.leg.br/media/./sapl/public/materialegislativa/2013/959/959_texto_integral.pdf", "ementa": "INDICA INSTALA\u00c7\u00c3O DE PLACAS INDICATIVAS."}, {"id": "960", "ano": "2013", "numero": "143", "tipo__sigla": "IND", "tipo__descricao": "Indica\u00e7\u00e3o", "autoria": "Ben\u00edsio Enfermeiro", "texto_original": "http://sapl.manhumirim.mg.leg.br/media/./sapl/public/materialegislativa/2013/960/960_texto_integral.pdf", "ementa": "INDICA REFORMA NA PASSARELA NA RUA SETE DE SETEMBRO."}, {"id": "961", "ano": "2013", "numero": "144", "tipo__sigla": "IND", "tipo__descricao": "Indica\u00e7\u00e3o", "autoria": "JO\u00c3O DA CASA FRANCO", "texto_original": "http://sapl.manhumirim.mg.leg.br/media/./sapl/public/materialegislativa/2013/961/961_texto_integral.pdf", "ementa": "INDICA CONSTRU\u00c7\u00c3O DE CANIL NA APA DA VENTANIA."}, {"id": "962", "ano": "2013", "numero": "145", "tipo__sigla": "IND", "tipo__descricao": "Indica\u00e7\u00e3o", "autoria": "JO\u00c3O DA CASA FRANCO", "texto_original": "http://sapl.manhumirim.mg.leg.br/media/./sapl/public/materialegislativa/2013/962/962_texto_integral.pdf", "ementa": "INDICA CONV\u00caNIO COM ASSOCIA\u00c7\u00c3O PROTETORA DOS ANIMAIS"}, {"id": "963", "ano": "2013", "numero": "146", "tipo__sigla": "IND", "tipo__descricao": "Indica\u00e7\u00e3o", "autoria": "Dr. Rodrigo Soares, ANA PAULA DESTRO, Ben\u00edsio Enfermeiro, Dalbino Cler, Helinho Mendon\u00e7a, IVAN CAETANO, ROBERTO BOB, S\u00c9RGIO BOREL", "texto_original": "http://sapl.manhumirim.mg.leg.br/media/./sapl/public/materialegislativa/2013/963/963_texto_integral.pdf", "ementa": "INDICA REDUTOR DE VELOCIDADE NA MG-111"}, {"id": "964", "ano": "2013", "numero": "147", "tipo__sigla": "IND", "tipo__descricao": "Indica\u00e7\u00e3o", "autoria": "JO\u00c3O DA CASA FRANCO", "texto_original": "http://sapl.manhumirim.mg.leg.br/media/./sapl/public/materialegislativa/2013/964/964_texto_integral.pdf", "ementa": "INDICA CONSTRU\u00c7\u00c3O DE PONTE SOBRE O C\u00d3RREGO JOS\u00c9 PEDRO. "}, {"id": "965", "ano": "2013", "numero": "148", "tipo__sigla": "IND", "tipo__descricao": "Indica\u00e7\u00e3o", "autoria": "S\u00c9RGIO BOREL", "texto_original": "http://sapl.manhumirim.mg.leg.br/media/./sapl/public/materialegislativa/2013/965/965_texto_integral.pdf", "ementa": "SOLICITA PROVID\u00caNCIAS DA POLICL\u00cdNICA MUNICIPAL "}, {"id": "966", "ano": "2013", "numero": "149", "tipo__sigla": "IND", "tipo__descricao": "Indica\u00e7\u00e3o", "autoria": "D\u00e1rio Veiga", "texto_original": "http://sapl.manhumirim.mg.leg.br/media/./sapl/public/materialegislativa/2013/966/966_texto_integral.pdf", "ementa": "INDICA AMPLIA\u00c7\u00c3O DE COBERTURA NO GIN\u00c1SIO POLIESPORTIVO P\u00daBLIO NOLASCO, PARA CONTRIBUIR COM O PROJETO EDUCACIONAL EXISTENTE."}, {"id": "967", "ano": "2013", "numero": "150", "tipo__sigla": "IND", "tipo__descricao": "Indica\u00e7\u00e3o", "autoria": "IVAN CAETANO", "texto_original": "http://sapl.manhumirim.mg.leg.br/media/./sapl/public/materialegislativa/2013/967/967_texto_integral.pdf", "ementa": "INDICA CONSTRU\u00c7\u00c3O DE GUARITA EM LOCAL QUE MENCIONA."}, {"id": "968", "ano": "2013", "numero": "151", "tipo__sigla": "IND", "tipo__descricao": "Indica\u00e7\u00e3o", "autoria": "Ben\u00edsio Enfermeiro", "texto_original": "http://sapl.manhumirim.mg.leg.br/media/./sapl/public/materialegislativa/2013/968/968_texto_integral.pdf", "ementa": "INDICA CONTRATA\u00c7\u00c3O DE ESPECIALISTA EM CANAL."}, {"id": "969", "ano": "2013", "numero": "152", "tipo__sigla": "IND", "tipo__descricao": "Indica\u00e7\u00e3o", "autoria": "JO\u00c3O DA CASA FRANCO", "texto_original": "http://sapl.manhumirim.mg.leg.br/media/./sapl/public/materialegislativa/2013/969/969_texto_integral.pdf", "ementa": "INDICA COBERTURA E REFORMA PARA A ESCOLA MUNICIPAL PADRE J\u00daLIO MARIA, NO C\u00d3RREGO DO OURO."}, {"id": "970", "ano": "2013", "numero": "153", "tipo__sigla": "IND", "tipo__descricao": "Indica\u00e7\u00e3o", "autoria": "Helinho Mendon\u00e7a", "texto_original": "http://sapl.manhumirim.mg.leg.br/media/./sapl/public/materialegislativa/2013/970/970_texto_integral.pdf", "ementa": "SOLICITA ENVIO DE PROJETO DE LEI ALTERANDO DI\u00c1RIA DE SERVIDORES DA PMM."}, {"id": "971", "ano": "2013", "numero": "154", "tipo__sigla": "IND", "tipo__descricao": "Indica\u00e7\u00e3o", "autoria": "JO\u00c3O DA CASA FRANCO", "texto_original": "http://sapl.manhumirim.mg.leg.br/media/", "ementa": "INDICA ESTUDO PARA AUMENTO DO N\u00daMERO DE PROCEDIMENTOS E CONSULTAS."}, {"id": "972", "ano": "2013", "numero": "155", "tipo__sigla": "IND", "tipo__descricao": "Indica\u00e7\u00e3o", "autoria": "ROBERTO BOB", "texto_original": "http://sapl.manhumirim.mg.leg.br/media/./sapl/public/materialegislativa/2013/972/972_texto_integral.pdf", "ementa": "INDICA CONSTRU\u00c7\u00c3O DE ALAMBRADO E TELA DE COBERTURA EM LOCAL QUE MENCIONA."}, {"id": "973", "ano": "2013", "numero": "156", "tipo__sigla": "IND", "tipo__descricao": "Indica\u00e7\u00e3o", "autoria": "Dalbino Cler", "texto_original": "http://sapl.manhumirim.mg.leg.br/media/./sapl/public/materialegislativa/2013/973/973_texto_integral.pdf", "ementa": "INDICA CORRIM\u00c3O NO BAIRRO NOSSA SENHORA DE LOURDES."}, {"id": "974", "ano": "2013", "numero": "158", "tipo__sigla": "IND", "tipo__descricao": "Indica\u00e7\u00e3o", "autoria": "SEBASTI\u00c3O TRIST\u00c3O", "texto_original": "http://sapl.manhumirim.mg.leg.br/media/./sapl/public/materialegislativa/2013/974/974_texto_integral.pdf", "ementa": "SOLICITA NIVELAMENTO DE CAL\u00c7AMENTO R. NOVO HORIZONTE &#8211; SANTA RITA."}, {"id": "975", "ano": "2013", "numero": "159", "tipo__sigla": "IND", "tipo__descricao": "Indica\u00e7\u00e3o", "autoria": "SEBASTI\u00c3O TRIST\u00c3O", "texto_original": "http://sapl.manhumirim.mg.leg.br/media/./sapl/public/materialegislativa/2013/975/975_texto_integral.pdf", "ementa": "SOLICITA COBERTURA PARA OS PONTOS DE T\u00c1XI."}, {"id": "976", "ano": "2013", "numero": "160", "tipo__sigla": "IND", "tipo__descricao": "Indica\u00e7\u00e3o", "autoria": "Ben\u00edsio Enfermeiro", "texto_original": "http://sapl.manhumirim.mg.leg.br/media/./sapl/public/materialegislativa/2013/976/976_texto_integral.pdf", "ementa": "INDICA RECUPERA\u00c7\u00c3O DO ASFALTO DA RUA ORLANDINO DESTRO MARONNI."}, {"id": "977", "ano": "2013", "numero": "161", "tipo__sigla": "IND", "tipo__descricao": "Indica\u00e7\u00e3o", "autoria": "Ben\u00edsio Enfermeiro", "texto_original": "http://sapl.manhumirim.mg.leg.br/media/./sapl/public/materialegislativa/2013/977/977_texto_integral.pdf", "ementa": "INDICA BENFEITORIAS NO BAIRRO ISIDORO."}, {"id": "978", "ano": "2013", "numero": "162", "tipo__sigla": "IND", "tipo__descricao": "Indica\u00e7\u00e3o", "autoria": "D\u00e1rio Veiga", "texto_original": "http://sapl.manhumirim.mg.leg.br/media/./sapl/public/materialegislativa/2013/978/978_texto_integral.pdf", "ementa": "INDICA INSTALA\u00c7\u00c3O DE HIDRANTE EM MANHUMIRIM."}, {"id": "1096", "ano": "2013", "numero": "1", "tipo__sigla": "MOC", "tipo__descricao": "Mo\u00e7\u00e3o", "autoria": "IVAN CAETANO, D\u00e1rio Veiga, JO\u00c3O DA CASA FRANCO, ROBERTO BOB, SEBASTI\u00c3O TRIST\u00c3O, S\u00c9RGIO BOREL", "texto_original": "http://sapl.manhumirim.mg.leg.br/media/./sapl/public/materialegislativa/2013/1096/1096_texto_integral.pdf", "ementa": "MANIFESTA PESAR PELO FALECIMENTO DO SENHOR JUVENAL DE ALMEIDA GUIMAR\u00c3ES."}, {"id": "1097", "ano": "2013", "numero": "2", "tipo__sigla": "MOC", "tipo__descricao": "Mo\u00e7\u00e3o", "autoria": "ANA PAULA DESTRO, Ben\u00edsio Enfermeiro, Dalbino Cler, Dr. Rodrigo Soares, Helinho Mendon\u00e7a", "texto_original": "http://sapl.manhumirim.mg.leg.br/media/./sapl/public/materialegislativa/2013/1097/1097_texto_integral.pdf", "ementa": "MANIFESTA\u00c7\u00c3O DE REP\u00daDIO."}, {"id": "1098", "ano": "2013", "numero": "3", "tipo__sigla": "MOC", "tipo__descricao": "Mo\u00e7\u00e3o", "autoria": "IVAN CAETANO, D\u00e1rio Veiga, JO\u00c3O DA CASA FRANCO, ROBERTO BOB, SEBASTI\u00c3O TRIST\u00c3O, S\u00c9RGIO BOREL", "texto_original": "http://sapl.manhumirim.mg.leg.br/media/./sapl/public/materialegislativa/2013/1098/1098_texto_integral.pdf", "ementa": "MANIFESTA PESAR PELO FALECIMENTO DO SOLDADO JOS\u00c9 PAULO RODRIGUES."}, {"id": "1099", "ano": "2013", "numero": "4", "tipo__sigla": "MOC", "tipo__descricao": "Mo\u00e7\u00e3o", "autoria": "IVAN CAETANO", "texto_original": "http://sapl.manhumirim.mg.leg.br/media/./sapl/public/materialegislativa/2013/1099/1099_texto_integral.pdf", "ementa": "MANIFESTA REP\u00daDIO CONTRA O ESTADO DE MINAS GERAIS."}, {"id": "1100", "ano": "2013", "numero": "5", "tipo__sigla": "MOC", "tipo__descricao": "Mo\u00e7\u00e3o", "autoria": "ANA PAULA DESTRO", "texto_original": "http://sapl.manhumirim.mg.leg.br/media/./sapl/public/materialegislativa/2013/1100/1100_texto_integral.pdf", "ementa": "CONGRATUALA WADSON MOTTA E SILVA."}, {"id": "1101", "ano": "2013", "numero": "6", "tipo__sigla": "MOC", "tipo__descricao": "Mo\u00e7\u00e3o", "autoria": "IVAN CAETANO", "texto_original": "http://sapl.manhumirim.mg.leg.br/media/./sapl/public/materialegislativa/2013/1101/1101_texto_integral.pdf", "ementa": "MANIFESTA PESAR PELO FALECIMENTO DO SENHOR MARLON ALBUQUERQUE."}, {"id": "1102", "ano": "2013", "numero": "7", "tipo__sigla": "MOC", "tipo__descricao": "Mo\u00e7\u00e3o", "autoria": "D\u00e1rio Veiga", "texto_original": "http://sapl.manhumirim.mg.leg.br/media/./sapl/public/materialegislativa/2013/1102/1102_texto_integral.pdf", "ementa": "MANIFESTA PESAR PELO FALECIMENTO DO SENHOR JOS\u00c9 DE DEUS CAMPOS."}, {"id": "1103", "ano": "2013", "numero": "8", "tipo__sigla": "MOC", "tipo__descricao": "Mo\u00e7\u00e3o", "autoria": "SEBASTI\u00c3O TRIST\u00c3O", "texto_original": "http://sapl.manhumirim.mg.leg.br/media/./sapl/public/materialegislativa/2013/1103/1103_texto_integral.pdf", "ementa": "MANIFESTA PESAR PELO FALECIMENTO DA SENHORA MARISTELA SANGLARD SILVEIRA."}, {"id": "1104", "ano": "2013", "numero": "9", "tipo__sigla": "MOC", "tipo__descricao": "Mo\u00e7\u00e3o", "autoria": "Dr. Rodrigo Soares", "texto_original": "http://sapl.manhumirim.mg.leg.br/media/./sapl/public/materialegislativa/2013/1104/1104_texto_integral.pdf", "ementa": "CONGRATULA O DOUTOR SAVELE XAVIER DE BARROS."}, {"id": "1105", "ano": "2013", "numero": "10", "tipo__sigla": "MOC", "tipo__descricao": "Mo\u00e7\u00e3o", "autoria": "IVAN CAETANO", "texto_original": "http://sapl.manhumirim.mg.leg.br/media/./sapl/public/materialegislativa/2013/1105/1105_texto_integral.pdf", "ementa": "MANIFESTA PESAR PELO FALECIMENTO DO EXMO. DEPUTADO &#8211; Z\u00c9 HENRIQUE."}, {"id": "1106", "ano": "2013", "numero": "11", "tipo__sigla": "MOC", "tipo__descricao": "Mo\u00e7\u00e3o", "autoria": "SEBASTI\u00c3O TRIST\u00c3O", "texto_original": "http://sapl.manhumirim.mg.leg.br/media/./sapl/public/materialegislativa/2013/1106/1106_texto_integral.pdf", "ementa": "MANIFESTA PESAR PELO FALECIMENTO DA SENHORA K\u00caNIA GOMES PEREIRA VIEIRA."}, {"id": "1107", "ano": "2013", "numero": "12", "tipo__sigla": "MOC", "tipo__descricao": "Mo\u00e7\u00e3o", "autoria": "S\u00c9RGIO BOREL, JO\u00c3O DA CASA FRANCO", "texto_original": "http://sapl.manhumirim.mg.leg.br/media/./sapl/public/materialegislativa/2013/1107/1107_texto_integral.pdf", "ementa": "MANIFESTA REP\u00daDIO AO MINIST\u00c9RIO DA EDUCA\u00c7\u00c3O PELO FIM DAS APAES."}, {"id": "1108", "ano": "2013", "numero": "13", "tipo__sigla": "MOC", "tipo__descricao": "Mo\u00e7\u00e3o", "autoria": "", "texto_original": "http://sapl.manhumirim.mg.leg.br/media/./sapl/public/materialegislativa/2013/1108/1108_texto_integral.pdf", "ementa": "CONGRATULA O SENHOR C\u00c9LIO BARBOSA."}, {"id": "1109", "ano": "2013", "numero": "14", "tipo__sigla": "MOC", "tipo__descricao": "Mo\u00e7\u00e3o", "autoria": "IVAN CAETANO", "texto_original": "http://sapl.manhumirim.mg.leg.br/media/./sapl/public/materialegislativa/2013/1109/1109_texto_integral.pdf", "ementa": "MANIFESTA PESAR PELO FALECIMENTO DA JOVEM FERNANDA ALVES FONSECA HOTT."}, {"id": "1110", "ano": "2013", "numero": "15", "tipo__sigla": "MOC", "tipo__descricao": "Mo\u00e7\u00e3o", "autoria": "Helinho Mendon\u00e7a", "texto_original": "http://sapl.manhumirim.mg.leg.br/media/./sapl/public/materialegislativa/2013/1110/1110_texto_integral.pdf", "ementa": "CONGRATULA PE. DEMERVAL ALVES BOTELHO."}, {"id": "1111", "ano": "2013", "numero": "17", "tipo__sigla": "MOC", "tipo__descricao": "Mo\u00e7\u00e3o", "autoria": "D\u00e1rio Veiga", "texto_original": "http://sapl.manhumirim.mg.leg.br/media/./sapl/public/materialegislativa/2013/1111/1111_texto_integral.pdf", "ementa": "CONGRATULA A ESCOLA SANTA TEREZINHA PELO RESULTADO DO ENEM."}, {"id": "1112", "ano": "2013", "numero": "18", "tipo__sigla": "MOC", "tipo__descricao": "Mo\u00e7\u00e3o", "autoria": "Dr. Rodrigo Soares", "texto_original": "http://sapl.manhumirim.mg.leg.br/media/./sapl/public/materialegislativa/2013/1112/1112_texto_integral.pdf", "ementa": "CONGRATULA A LOJA ARLM F\u00c9, ESPERAN\u00c7A E CARIDADE &#8211; N.\u00ba 175 &#8211; GLMERJ - CMSB."}, {"id": "608", "ano": "2013", "numero": "1", "tipo__sigla": "PLC", "tipo__descricao": "Projeto de Lei Complementar", "autoria": "DARCI MARIA BRAGA DA CRUZ", "texto_original": "http://sapl.manhumirim.mg.leg.br/media/./sapl/public/materialegislativa/2013/608/608_texto_integral.pdf", "ementa": "DA NOVA REDA\u00c7\u00c3O AOS ANEXOS I, III E IV DA LEI COMPLEMENTAR N. 1.131 DE 23 DE FEVEREIRO DE 1.999, E D\u00c1 OUTRAS PROVID\u00caNCIAS"}, {"id": "601", "ano": "2013", "numero": "1", "tipo__sigla": "PLO", "tipo__descricao": "Projeto de Lei Ordin\u00e1ria", "autoria": "", "texto_original": "http://sapl.manhumirim.mg.leg.br/media/./sapl/public/materialegislativa/2013/601/601_texto_integral.pdf", "ementa": "DISP\u00d5E SOBRE DENOMINA\u00c7\u00c3O DE LOGRADOUROS NO RESIDENCIAL JARDINS"}, {"id": "602", "ano": "2013", "numero": "2", "tipo__sigla": "PLO", "tipo__descricao": "Projeto de Lei Ordin\u00e1ria", "autoria": "", "texto_original": "http://sapl.manhumirim.mg.leg.br/media/./sapl/public/materialegislativa/2013/602/602_texto_integral.pdf", "ementa": "DISP\u00d5E SOBRE DENOMINA\u00c7\u00c3O DE \u00c1REA DE ESPORTES &#8211; ANITA DA PENHA OLIVEIRA"}, {"id": "603", "ano": "2013", "numero": "3", "tipo__sigla": "PLO", "tipo__descricao": "Projeto de Lei Ordin\u00e1ria", "autoria": "", "texto_original": "http://sapl.manhumirim.mg.leg.br/media/./sapl/public/materialegislativa/2013/603/603_texto_integral.pdf", "ementa": "DISP\u00d5E SOBRE DENOMINA\u00c7\u00c3O DE LOTEAMENTO RECANTO DAS PALMEIRAS"}, {"id": "604", "ano": "2013", "numero": "4", "tipo__sigla": "PLO", "tipo__descricao": "Projeto de Lei Ordin\u00e1ria", "autoria": "DARCI MARIA BRAGA DA CRUZ", "texto_original": "http://sapl.manhumirim.mg.leg.br/media/./sapl/public/materialegislativa/2013/604/604_texto_integral.pdf", "ementa": "CONCEDE ANISTIA FISCAL E D\u00c1 OUTRAS PROVID\u00caNCIAS"}, {"id": "609", "ano": "2013", "numero": "5", "tipo__sigla": "PLO", "tipo__descricao": "Projeto de Lei Ordin\u00e1ria", "autoria": "DARCI MARIA BRAGA DA CRUZ", "texto_original": "http://sapl.manhumirim.mg.leg.br/media/./sapl/public/materialegislativa/2013/609/609_texto_integral.pdf", "ementa": "DEFINE \u00c1REA M\u00cdNIMA PARA DESMEMBRAMENTO DE IM\u00d3VEL URBANO E D\u00c1 OUTRAS PROVID\u00caNCIAS"}, {"id": "610", "ano": "2013", "numero": "6", "tipo__sigla": "PLO", "tipo__descricao": "Projeto de Lei Ordin\u00e1ria", "autoria": "DARCI MARIA BRAGA DA CRUZ", "texto_original": "http://sapl.manhumirim.mg.leg.br/media/./sapl/public/materialegislativa/2013/610/610_texto_integral.pdf", "ementa": "DISP\u00d5E SOBRE A FIXA\u00c7\u00c3O DE REGRAS PARA A CONTRATA\u00c7\u00c3O DE PESSOAL POR PRAZO DETERMINADO, COMO PREVISTA NO ART.109 E PAR\u00c1GRAFO \u00daNICO DA LEI ORG\u00c2NICA MUNICIPAL, E D\u00c1 OUTRAS PROVID\u00caNCIAS"}, {"id": "605", "ano": "2013", "numero": "7", "tipo__sigla": "PLO", "tipo__descricao": "Projeto de Lei Ordin\u00e1ria", "autoria": "DARCI MARIA BRAGA DA CRUZ", "texto_original": "http://sapl.manhumirim.mg.leg.br/media/./sapl/public/materialegislativa/2013/605/605_texto_integral.pdf", "ementa": "AUTORIZA O MUNIC\u00cdPIO DE MANHUMIRIM A CELEBRAR CONV\u00caNIO COM O HOSPITAL PE. JULIO MARIA E D\u00c1 OUTRAS PROVID\u00caNCIAS"}, {"id": "606", "ano": "2013", "numero": "8", "tipo__sigla": "PLO", "tipo__descricao": "Projeto de Lei Ordin\u00e1ria", "autoria": "DARCI MARIA BRAGA DA CRUZ", "texto_original": "http://sapl.manhumirim.mg.leg.br/media/./sapl/public/materialegislativa/2013/606/606_texto_integral.pdf", "ementa": "AUTORIZA O MUNIC\u00cdPIO DE MANHUMIRIM A CELEBRAR CONV\u00caNIO COM O ESTADO DE MINAS GERAIS POR INTERM\u00c9DIO DA POLICIA MILITAR DO ESTADO DE MINAS GERAIS E D\u00c1 OUTRAS PROVID\u00caNCIAS"}, {"id": "607", "ano": "2013", "numero": "9", "tipo__sigla": "PLO", "tipo__descricao": "Projeto de Lei Ordin\u00e1ria", "autoria": "", "texto_original": "http://sapl.manhumirim.mg.leg.br/media/./sapl/public/materialegislativa/2013/607/607_texto_integral.pdf", "ementa": "DISP\u00d5E SOBRE DENOMINA\u00c7\u00c3O DE RUA NO LOTEAMENTO RECANTO DAS PALMEIRAS"}, {"id": "986", "ano": "2013", "numero": "1", "tipo__sigla": "REQ", "tipo__descricao": "Requerimento", "autoria": "Helinho Mendon\u00e7a", "texto_original": "http://sapl.manhumirim.mg.leg.br/media/./sapl/public/materialegislativa/2013/986/986_texto_integral.pdf", "ementa": "REQUER INFORMA\u00c7\u00d5ES A RESPEITO DO PROJETO DE LEI COMPLEMENTAR N\u00ba 001."}, {"id": "987", "ano": "2013", "numero": "2", "tipo__sigla": "REQ", "tipo__descricao": "Requerimento", "autoria": "ANA PAULA DESTRO, Ben\u00edsio Enfermeiro, Dalbino Cler, Dr. Rodrigo Soares, Helinho Mendon\u00e7a", "texto_original": "http://sapl.manhumirim.mg.leg.br/media/./sapl/public/materialegislativa/2013/987/987_texto_integral.pdf", "ementa": "REQUER C\u00d3PIA DE ATA DA \u00daLTIMA REUNI\u00c3O DO CONSELHO MUNICIPAL DE SA\u00daDE."}, {"id": "988", "ano": "2013", "numero": "3", "tipo__sigla": "REQ", "tipo__descricao": "Requerimento", "autoria": "ANA PAULA DESTRO, Ben\u00edsio Enfermeiro, Dalbino Cler, Dr. Rodrigo Soares, Helinho Mendon\u00e7a", "texto_original": "http://sapl.manhumirim.mg.leg.br/media/./sapl/public/materialegislativa/2013/988/988_texto_integral.pdf", "ementa": "REQUER PLANILHAS DE SERVI\u00c7OS OFERTADOS PELO HOSPITAL PE. J\u00daLIO MARIA."}, {"id": "989", "ano": "2013", "numero": "4", "tipo__sigla": "REQ", "tipo__descricao": "Requerimento", "autoria": "Dr. Rodrigo Soares", "texto_original": "http://sapl.manhumirim.mg.leg.br/media/./sapl/public/materialegislativa/2013/989/989_texto_integral.pdf", "ementa": "REQUER INFORMA\u00c7\u00d5ES SOBRE CARGOS COMISSIONADOS SAAE."}, {"id": "990", "ano": "2013", "numero": "5", "tipo__sigla": "REQ", "tipo__descricao": "Requerimento", "autoria": "ANA PAULA DESTRO, Ben\u00edsio Enfermeiro, Dalbino Cler, Dr. Rodrigo Soares, Helinho Mendon\u00e7a", "texto_original": "http://sapl.manhumirim.mg.leg.br/media/./sapl/public/materialegislativa/2013/990/990_texto_integral.pdf", "ementa": "REQUER FOLHA DE PAGAMENTO DA PREFEITURA.\r\n"}, {"id": "991", "ano": "2013", "numero": "6", "tipo__sigla": "REQ", "tipo__descricao": "Requerimento", "autoria": "ANA PAULA DESTRO, Ben\u00edsio Enfermeiro, Dalbino Cler, Dr. Rodrigo Soares, Helinho Mendon\u00e7a", "texto_original": "http://sapl.manhumirim.mg.leg.br/media/./sapl/public/materialegislativa/2013/991/991_texto_integral.pdf", "ementa": "REQUER LISTAGEM DE VE\u00cdCULOS PERTENCENTES AO MUNIC\u00cdPIO."}, {"id": "992", "ano": "2013", "numero": "7", "tipo__sigla": "REQ", "tipo__descricao": "Requerimento", "autoria": "ANA PAULA DESTRO, Ben\u00edsio Enfermeiro, Dalbino Cler, Dr. Rodrigo Soares, Helinho Mendon\u00e7a", "texto_original": "http://sapl.manhumirim.mg.leg.br/media/./sapl/public/materialegislativa/2013/992/992_texto_integral.pdf", "ementa": "REQUER PROCESSO SELETIVO DA PREFEITURA MUNICIPAL."}, {"id": "993", "ano": "2013", "numero": "9", "tipo__sigla": "REQ", "tipo__descricao": "Requerimento", "autoria": "D\u00e1rio Veiga", "texto_original": "http://sapl.manhumirim.mg.leg.br/media/./sapl/public/materialegislativa/2013/993/993_texto_integral.pdf", "ementa": "REQUER INFORMA\u00c7\u00d5ES DO EXECUTIVO MUNICIPAL SOBRE SIACE/LRF."}, {"id": "994", "ano": "2013", "numero": "10", "tipo__sigla": "REQ", "tipo__descricao": "Requerimento", "autoria": "ANA PAULA DESTRO", "texto_original": "http://sapl.manhumirim.mg.leg.br/media/./sapl/public/materialegislativa/2013/994/994_texto_integral.pdf", "ementa": "REQUER C\u00d3PIA DE \u00c1UDIO DE REUNI\u00c3O."}, {"id": "995", "ano": "2013", "numero": "11", "tipo__sigla": "REQ", "tipo__descricao": "Requerimento", "autoria": "ANA PAULA DESTRO, Ben\u00edsio Enfermeiro, Dalbino Cler, Dr. Rodrigo Soares, Helinho Mendon\u00e7a", "texto_original": "http://sapl.manhumirim.mg.leg.br/media/./sapl/public/materialegislativa/2013/995/995_texto_integral.pdf", "ementa": "REQUER PRESTA\u00c7\u00c3O DE CONTAS TRIMESTRAL DA PMM."}, {"id": "996", "ano": "2013", "numero": "12", "tipo__sigla": "REQ", "tipo__descricao": "Requerimento", "autoria": "ANA PAULA DESTRO, Ben\u00edsio Enfermeiro, Dalbino Cler, Dr. Rodrigo Soares, Helinho Mendon\u00e7a", "texto_original": "http://sapl.manhumirim.mg.leg.br/media/./sapl/public/materialegislativa/2013/996/996_texto_integral.pdf", "ementa": "REQUER REITERA\u00c7\u00c3O DE REQUERIMENTOS QUE MENCIONA."}, {"id": "997", "ano": "2013", "numero": "13", "tipo__sigla": "REQ", "tipo__descricao": "Requerimento", "autoria": "ANA PAULA DESTRO, Ben\u00edsio Enfermeiro, Dalbino Cler, Dr. Rodrigo Soares, Helinho Mendon\u00e7a", "texto_original": "http://sapl.manhumirim.mg.leg.br/media/./sapl/public/materialegislativa/2013/997/997_texto_integral.pdf", "ementa": "REQUER PROVID\u00caNCIAS DA MESA DIRETORA - C\u00d3PIA DE \u00c1UDIO DE REUNI\u00c3O."}, {"id": "998", "ano": "2013", "numero": "14", "tipo__sigla": "REQ", "tipo__descricao": "Requerimento", "autoria": "ANA PAULA DESTRO, Ben\u00edsio Enfermeiro, Dalbino Cler, Dr. Rodrigo Soares, Helinho Mendon\u00e7a", "texto_original": "http://sapl.manhumirim.mg.leg.br/media/./sapl/public/materialegislativa/2013/998/998_texto_integral.pdf", "ementa": "REQUER C\u00d3PIA DA CESS\u00c3O DO POLIESPORTIVO (GIN\u00c1SIO P\u00daBLIO NOLASCO)."}, {"id": "999", "ano": "2013", "numero": "15", "tipo__sigla": "REQ", "tipo__descricao": "Requerimento", "autoria": "Dr. Rodrigo Soares, ANA PAULA DESTRO, Ben\u00edsio Enfermeiro, Dalbino Cler, D\u00e1rio Veiga", "texto_original": "http://sapl.manhumirim.mg.leg.br/media/./sapl/public/materialegislativa/2013/999/999_texto_integral.pdf", "ementa": "REQUER CUMPRIMENTO DO ART. 97 PAR\u00c1GRAFO \u00daNICO DA LOM."}, {"id": "1000", "ano": "2013", "numero": "16", "tipo__sigla": "REQ", "tipo__descricao": "Requerimento", "autoria": "Dr. Rodrigo Soares, ANA PAULA DESTRO, Ben\u00edsio Enfermeiro, Dalbino Cler, Helinho Mendon\u00e7a", "texto_original": "http://sapl.manhumirim.mg.leg.br/media/./sapl/public/materialegislativa/2013/1000/1000_texto_integral.pdf", "ementa": "REQUER CUMPRIMENTO DO ART. 75 INCISO XVIII DA LOM."}, {"id": "1001", "ano": "2013", "numero": "17", "tipo__sigla": "REQ", "tipo__descricao": "Requerimento", "autoria": "Ben\u00edsio Enfermeiro", "texto_original": "http://sapl.manhumirim.mg.leg.br/media/./sapl/public/materialegislativa/2013/1001/1001_texto_integral.pdf", "ementa": "REQUER PROVID\u00caNCIAS DO EXECUTIVO (MURO)."}, {"id": "1002", "ano": "2013", "numero": "18", "tipo__sigla": "REQ", "tipo__descricao": "Requerimento", "autoria": "Dr. Rodrigo Soares, ANA PAULA DESTRO, Ben\u00edsio Enfermeiro, Dalbino Cler, Helinho Mendon\u00e7a", "texto_original": "http://sapl.manhumirim.mg.leg.br/media/./sapl/public/materialegislativa/2013/1002/1002_texto_integral.pdf", "ementa": "REQUER CUMPRIMENTO DO ART. 293 DA LOM."}, {"id": "1003", "ano": "2013", "numero": "19", "tipo__sigla": "REQ", "tipo__descricao": "Requerimento", "autoria": "Dalbino Cler", "texto_original": "http://sapl.manhumirim.mg.leg.br/media/./sapl/public/materialegislativa/2013/1003/1003_texto_integral.pdf", "ementa": "REQUER CONTINUIDADE PAGAMENTO DE FGTS."}, {"id": "1004", "ano": "2013", "numero": "20", "tipo__sigla": "REQ", "tipo__descricao": "Requerimento", "autoria": "JO\u00c3O DA CASA FRANCO, Dalbino Cler, D\u00e1rio Veiga, Helinho Mendon\u00e7a, IVAN CAETANO, ROBERTO BOB, SEBASTI\u00c3O TRIST\u00c3O, S\u00c9RGIO BOREL", "texto_original": "http://sapl.manhumirim.mg.leg.br/media/./sapl/public/materialegislativa/2013/1004/1004_texto_integral.pdf", "ementa": "REQUER INFORMA\u00c7\u00d5ES SOBRE FISCALIZA\u00c7\u00c3O DE CONSTRU\u00c7\u00d5ES E CUMPRIMENTO DA LEI MUNICIPAL N. 1.268/04."}, {"id": "1005", "ano": "2013", "numero": "21", "tipo__sigla": "REQ", "tipo__descricao": "Requerimento", "autoria": "ROBERTO BOB", "texto_original": "http://sapl.manhumirim.mg.leg.br/media/./sapl/public/materialegislativa/2013/1005/1005_texto_integral.pdf", "ementa": "REQUER CUMPRIMENTO DAS LEIS MUNICIPAIS 976 E 979 DE 1994."}, {"id": "1006", "ano": "2013", "numero": "22", "tipo__sigla": "REQ", "tipo__descricao": "Requerimento", "autoria": "Helinho Mendon\u00e7a", "texto_original": "http://sapl.manhumirim.mg.leg.br/media/./sapl/public/materialegislativa/2013/1006/1006_texto_integral.pdf", "ementa": "REQUER APLICA\u00c7\u00c3O DA LEI MUNICIPAL 1.522/11."}, {"id": "1007", "ano": "2013", "numero": "23", "tipo__sigla": "REQ", "tipo__descricao": "Requerimento", "autoria": "ANA PAULA DESTRO, Dalbino Cler, Dr. Rodrigo Soares", "texto_original": "http://sapl.manhumirim.mg.leg.br/media/./sapl/public/materialegislativa/2013/1007/1007_texto_integral.pdf", "ementa": "REQUER CONTRATA\u00c7\u00c3O DE ADVOGADO PARA COMISS\u00d5ES PERMANENTES."}, {"id": "1008", "ano": "2013", "numero": "24", "tipo__sigla": "REQ", "tipo__descricao": "Requerimento", "autoria": "Dr. Rodrigo Soares, ANA PAULA DESTRO, Ben\u00edsio Enfermeiro, Dalbino Cler, Helinho Mendon\u00e7a, IVAN CAETANO", "texto_original": "http://sapl.manhumirim.mg.leg.br/media/./sapl/public/materialegislativa/2013/1008/1008_texto_integral.pdf", "ementa": "REQUER PAGAMENTO AOS FORNECEDORES DE MERENDA ESCOLAR (PRODUTORES RURAIS)."}, {"id": "1009", "ano": "2013", "numero": "25", "tipo__sigla": "REQ", "tipo__descricao": "Requerimento", "autoria": "Dr. Rodrigo Soares, Dalbino Cler, ROBERTO BOB, SEBASTI\u00c3O TRIST\u00c3O", "texto_original": "http://sapl.manhumirim.mg.leg.br/media/./sapl/public/materialegislativa/2013/1009/1009_texto_integral.pdf", "ementa": "REQUER PROVID\u00caNCIAS CAB\u00cdVEIS DO PRESIDENTE DA C\u00c2MARA PARA INSTAURA\u00c7\u00c3O DE COMISS\u00c3O PARLAMENTAR DE INQU\u00c9RITO (CPI) PARA FISCALIZA\u00c7\u00c3O DOS CONTRATOS ASSINADOS PELA PREFEITURA MUNICIPAL."}, {"id": "1010", "ano": "2013", "numero": "26", "tipo__sigla": "REQ", "tipo__descricao": "Requerimento", "autoria": "Helinho Mendon\u00e7a", "texto_original": "http://sapl.manhumirim.mg.leg.br/media/./sapl/public/materialegislativa/2013/1010/1010_texto_integral.pdf", "ementa": "REQUER VOTA\u00c7\u00c3O DE PROJETO DE LEI N. 12/2013."}, {"id": "1011", "ano": "2013", "numero": "27", "tipo__sigla": "REQ", "tipo__descricao": "Requerimento", "autoria": "ANA PAULA DESTRO", "texto_original": "http://sapl.manhumirim.mg.leg.br/media/./sapl/public/materialegislativa/2013/1011/1011_texto_integral.pdf", "ementa": "REQUER INFORMA\u00c7\u00d5ES SOBRE A PORTARIA N\u00ba176/13."}, {"id": "1012", "ano": "2013", "numero": "28", "tipo__sigla": "REQ", "tipo__descricao": "Requerimento", "autoria": "Helinho Mendon\u00e7a", "texto_original": "http://sapl.manhumirim.mg.leg.br/media/./sapl/public/materialegislativa/2013/1012/1012_texto_integral.pdf", "ementa": "REQUER REVOGA\u00c7\u00c3O DO ARTIGO 8\u00ba-A, DA LEI MUNICIPAL N.\u00ba 1.131."}, {"id": "1013", "ano": "2013", "numero": "29", "tipo__sigla": "REQ", "tipo__descricao": "Requerimento", "autoria": "ANA PAULA DESTRO", "texto_original": "http://sapl.manhumirim.mg.leg.br/media/./sapl/public/materialegislativa/2013/1013/1013_texto_integral.pdf", "ementa": "REQUER CARGA DE TODO PROCESSO DA LEI COMPLEMENTAR N. 013/11."}, {"id": "1014", "ano": "2013", "numero": "30", "tipo__sigla": "REQ", "tipo__descricao": "Requerimento", "autoria": "Helinho Mendon\u00e7a", "texto_original": "http://sapl.manhumirim.mg.leg.br/media/./sapl/public/materialegislativa/2013/1014/1014_texto_integral.pdf", "ementa": "REQUER REVOGA\u00c7\u00c3O DO INCISOS DO ART. 2\u00ba E ART. 3\u00ba DA LEI COMPLEMENTAR 018/2013."}, {"id": "1015", "ano": "2013", "numero": "31", "tipo__sigla": "REQ", "tipo__descricao": "Requerimento", "autoria": "Helinho Mendon\u00e7a", "texto_original": "http://sapl.manhumirim.mg.leg.br/media/./sapl/public/materialegislativa/2013/1015/1015_texto_integral.pdf", "ementa": "REQUER POSOLOGIA NOS MEDICAMENTOS."}, {"id": "1016", "ano": "2013", "numero": "32", "tipo__sigla": "REQ", "tipo__descricao": "Requerimento", "autoria": "SEBASTI\u00c3O TRIST\u00c3O", "texto_original": "http://sapl.manhumirim.mg.leg.br/media/./sapl/public/materialegislativa/2013/1016/1016_texto_integral.pdf", "ementa": "REQUER INFORMA\u00c7\u00d5ES A RESPEITO DO FESTIVAL DE INVERNO."}, {"id": "1017", "ano": "2013", "numero": "33", "tipo__sigla": "REQ", "tipo__descricao": "Requerimento", "autoria": "Ben\u00edsio Enfermeiro", "texto_original": "http://sapl.manhumirim.mg.leg.br/media/./sapl/public/materialegislativa/2013/1017/1017_texto_integral.pdf", "ementa": "REQUER INFORMA\u00c7\u00d5ES SOBRE DEDETIZA\u00c7\u00c3O NO CAPS."}, {"id": "1018", "ano": "2013", "numero": "34", "tipo__sigla": "REQ", "tipo__descricao": "Requerimento", "autoria": "IVAN CAETANO, Dalbino Cler, JO\u00c3O DA CASA FRANCO", "texto_original": "http://sapl.manhumirim.mg.leg.br/media/./sapl/public/materialegislativa/2013/1018/1018_texto_integral.pdf", "ementa": "REQUER INFORMA\u00c7\u00d5ES SOBRE CONV\u00caNIOS DA COOPERATIVA AGUAP\u00c9."}, {"id": "1019", "ano": "2013", "numero": "35", "tipo__sigla": "REQ", "tipo__descricao": "Requerimento", "autoria": "IVAN CAETANO, Dalbino Cler, JO\u00c3O DA CASA FRANCO", "texto_original": "http://sapl.manhumirim.mg.leg.br/media/./sapl/public/materialegislativa/2013/1019/1019_texto_integral.pdf", "ementa": "REQUER INFORMA\u00c7\u00d5ES SOBRE CONV\u00caNIOS DA COOPERATIVA AGUAP\u00c9."}, {"id": "1020", "ano": "2013", "numero": "36", "tipo__sigla": "REQ", "tipo__descricao": "Requerimento", "autoria": "Ben\u00edsio Enfermeiro", "texto_original": "http://sapl.manhumirim.mg.leg.br/media/./sapl/public/materialegislativa/2013/1020/1020_texto_integral.pdf", "ementa": "REQUER PROVID\u00caNCIAS SOBRE O LIXO ESPALHADO NO ACOSTAMENTO DA RODOVIA AT\u00c9 A ENTRADA DA USINA DE RECICLAGEM."}, {"id": "1021", "ano": "2013", "numero": "37", "tipo__sigla": "REQ", "tipo__descricao": "Requerimento", "autoria": "Helinho Mendon\u00e7a", "texto_original": "http://sapl.manhumirim.mg.leg.br/media/./sapl/public/materialegislativa/2013/1021/1021_texto_integral.pdf", "ementa": "REQUER INFORMA\u00c7\u00d5ES DA SECRETARIA M. SA\u00daDE - TRANSPORTE PACIENTES"}, {"id": "1022", "ano": "2013", "numero": "38", "tipo__sigla": "REQ", "tipo__descricao": "Requerimento", "autoria": "JO\u00c3O DA CASA FRANCO", "texto_original": "http://sapl.manhumirim.mg.leg.br/media/./sapl/public/materialegislativa/2013/1022/1022_texto_integral.pdf", "ementa": "REQUER INFORMA\u00c7\u00d5ES ACERCA DO CUMPRIMENTO DE CARGA HOR\u00c1RIA DE TODOS OS SERVIDORES DA POLICL\u00cdNICA DR. RUSTON LOUBACK."}, {"id": "1023", "ano": "2013", "numero": "39", "tipo__sigla": "REQ", "tipo__descricao": "Requerimento", "autoria": "Ben\u00edsio Enfermeiro", "texto_original": "http://sapl.manhumirim.mg.leg.br/media/./sapl/public/materialegislativa/2013/1023/1023_texto_integral.pdf", "ementa": "REQUER C\u00d3PIA DOS DECRETOS DE NOMEA\u00c7\u00d5ES E EXONERA\u00c7\u00d5ES DA PREFEITURA MUNICIPAL."}, {"id": "1024", "ano": "2013", "numero": "40", "tipo__sigla": "REQ", "tipo__descricao": "Requerimento", "autoria": "D\u00e1rio Veiga", "texto_original": "http://sapl.manhumirim.mg.leg.br/media/./sapl/public/materialegislativa/2013/1024/1024_texto_integral.pdf", "ementa": "REQUER INFORMA\u00c7\u00d5ES DO EXECUTIVO MUNICIPAL SOBRE PUBLICA\u00c7\u00d5ES\r\n"}, {"id": "1025", "ano": "2013", "numero": "41", "tipo__sigla": "REQ", "tipo__descricao": "Requerimento", "autoria": "Dalbino Cler, Dr. Rodrigo Soares, ROBERTO BOB, S\u00c9RGIO BOREL", "texto_original": "http://sapl.manhumirim.mg.leg.br/media/./sapl/public/materialegislativa/2013/1025/1025_texto_integral.pdf", "ementa": "REQUER CONVOCA\u00c7\u00c3O REUNI\u00c3O EXTRAORDIN\u00c1RIA PARA LEITURA DO PARECER."}, {"id": "1026", "ano": "2013", "numero": "42", "tipo__sigla": "REQ", "tipo__descricao": "Requerimento", "autoria": "Helinho Mendon\u00e7a", "texto_original": "http://sapl.manhumirim.mg.leg.br/media/./sapl/public/materialegislativa/2013/1026/1026_texto_integral.pdf", "ementa": "REQUER REALIZA\u00c7\u00c3O DE AUDI\u00caNCIA P\u00daBLICA PARA TRATAR DE ASSUNTOS REFERENTES AO TR\u00c2NSITO NO MUNIC\u00cdPIO."}, {"id": "1027", "ano": "2013", "numero": "43", "tipo__sigla": "REQ", "tipo__descricao": "Requerimento", "autoria": "ROBERTO BOB", "texto_original": "http://sapl.manhumirim.mg.leg.br/media/./sapl/public/materialegislativa/2013/1027/1027_texto_integral.pdf", "ementa": "REQUER ENCAMINHAMENTO RELAT\u00d3RIO CPI PARA O MINIST\u00c9RIO P\u00daBLICO"}, {"id": "1028", "ano": "2013", "numero": "44", "tipo__sigla": "REQ", "tipo__descricao": "Requerimento", "autoria": "IVAN CAETANO", "texto_original": "http://sapl.manhumirim.mg.leg.br/media/./sapl/public/materialegislativa/2013/1028/1028_texto_integral.pdf", "ementa": "REQUER AUDITORIA NAS CONTAS DA PREFEITURA NA GEST\u00c3O 2005 / 2012."}, {"id": "1029", "ano": "2013", "numero": "45", "tipo__sigla": "REQ", "tipo__descricao": "Requerimento", "autoria": "Ben\u00edsio Enfermeiro", "texto_original": "http://sapl.manhumirim.mg.leg.br/media/./sapl/public/materialegislativa/2013/1029/1029_texto_integral.pdf", "ementa": "REQUER PROVID\u00caNCIAS DO EXECUTIVO (CONFORME DOCUMENTOS EM ANEXO)."}, {"id": "1030", "ano": "2013", "numero": "46", "tipo__sigla": "REQ", "tipo__descricao": "Requerimento", "autoria": "JO\u00c3O DA CASA FRANCO", "texto_original": "http://sapl.manhumirim.mg.leg.br/media/", "ementa": "REQUER PROVID\u00caNCIAS DO EXECUTIVO MUNICIPAL EM LOCAL QUE MENCIONA."}, {"id": "1031", "ano": "2013", "numero": "48", "tipo__sigla": "REQ", "tipo__descricao": "Requerimento", "autoria": "ANA PAULA DESTRO, Ben\u00edsio Enfermeiro, Dalbino Cler, D\u00e1rio Veiga, Dr. Rodrigo Soares, Helinho Mendon\u00e7a, JO\u00c3O DA CASA FRANCO, SEBASTI\u00c3O TRIST\u00c3O, S\u00c9RGIO BOREL", "texto_original": "http://sapl.manhumirim.mg.leg.br/media/./sapl/public/materialegislativa/2013/1031/1031_texto_integral.pdf", "ementa": "REQUER C\u00d3PIA DE FOLHA DE PAGAMENTO."}, {"id": "1032", "ano": "2013", "numero": "49", "tipo__sigla": "REQ", "tipo__descricao": "Requerimento", "autoria": "Ben\u00edsio Enfermeiro", "texto_original": "http://sapl.manhumirim.mg.leg.br/media/./sapl/public/materialegislativa/2013/1032/1032_texto_integral.pdf", "ementa": "REQUER PROVID\u00caNCIAS DO EXECUTIVO ACERCA DO TRANSPORTE DE ALUNOS E PACIENTES."}, {"id": "1033", "ano": "2013", "numero": "50", "tipo__sigla": "REQ", "tipo__descricao": "Requerimento", "autoria": "Dalbino Cler", "texto_original": "http://sapl.manhumirim.mg.leg.br/media/./sapl/public/materialegislativa/2013/1033/1033_texto_integral.pdf", "ementa": "REQUER INFORMA\u00c7\u00d5ES ACERCA DA FALTA DO MEDICAMENTO INSULINA NOS PSF E NA FARM\u00c1CIA DE MINAS."}, {"id": "1034", "ano": "2013", "numero": "51", "tipo__sigla": "REQ", "tipo__descricao": "Requerimento", "autoria": "Helinho Mendon\u00e7a", "texto_original": "http://sapl.manhumirim.mg.leg.br/media/./sapl/public/materialegislativa/2013/1034/1034_texto_integral.pdf", "ementa": "REQUER QUADRO DESCRI\u00c7\u00c3O POR FUN\u00c7\u00c3O DESCRI\u00c7\u00c3O DE GOVERNO REFERENTE \u00c0 DESPESA REALIZADA"}, {"id": "1035", "ano": "2013", "numero": "52", "tipo__sigla": "REQ", "tipo__descricao": "Requerimento", "autoria": "Ben\u00edsio Enfermeiro", "texto_original": "http://sapl.manhumirim.mg.leg.br/media/./sapl/public/materialegislativa/2013/1035/1035_texto_integral.pdf", "ementa": "REQUER QUE O EXECUTIVO CUMPRA O PAR\u00c1GRAFO \u00daNICO DO ARTIGO 6\u00ba DA LOM."}, {"id": "1036", "ano": "2013", "numero": "53", "tipo__sigla": "REQ", "tipo__descricao": "Requerimento", "autoria": "ANA PAULA DESTRO, Ben\u00edsio Enfermeiro, Dalbino Cler", "texto_original": "http://sapl.manhumirim.mg.leg.br/media/./sapl/public/materialegislativa/2013/1036/1036_texto_integral.pdf", "ementa": "REQUEREM INFORMA\u00c7\u00d5ES ACERCA DA FOLHA DE PAGAMENTO E OUTROS"}, {"id": "1037", "ano": "2013", "numero": "54", "tipo__sigla": "REQ", "tipo__descricao": "Requerimento", "autoria": "ANA PAULA DESTRO", "texto_original": "http://sapl.manhumirim.mg.leg.br/media/./sapl/public/materialegislativa/2013/1037/1037_texto_integral.pdf", "ementa": "REQUER RELA\u00c7\u00c3O DOS CARROS TERCEIRIZADOS E OUTROS."}]}